{"id":30985,"date":"2026-04-30T14:28:12","date_gmt":"2026-04-30T14:28:12","guid":{"rendered":"https:\/\/eskigazeteci.com\/?p=30985"},"modified":"2026-04-30T14:28:12","modified_gmt":"2026-04-30T14:28:12","slug":"yrp-giresun-genclik-kollari-baskani-kavgaya-mudahale-sirasinda-olduruldu","status":"publish","type":"post","link":"https:\/\/eskigazeteci.com\/?p=30985","title":{"rendered":"YRP Giresun Gen\u00e7lik Kollar\u0131 Ba\u015fkan\u0131 kavgaya m\u00fcdahale s\u0131ras\u0131nda \u00f6ld\u00fcr\u00fcld\u00fc"},"content":{"rendered":"<p>Olay, \u00f6nceki g\u00fcn ak\u015fam saatlerinde Aksu Mahallesi\u2019nde meydana geldi. Sokakta iki grup aras\u0131nda bilinmeyen nedenle \u00e7\u0131kan tart\u0131\u015fma b\u00fcy\u00fcyerek kavgaya d\u00f6n\u00fc\u015ft\u00fc.<\/p>\n<p>Taraflar\u0131 ay\u0131rmak isteyen Yeniden Refah Partisi Giresun \u0130l Gen\u00e7lik Kollar\u0131 Ba\u015fkan\u0131 ve Giresun \u00dcniversitesi Meslek Y\u00fcksekokulu Mimarl\u0131k B\u00f6l\u00fcm\u00fc 1\u2019inci s\u0131n\u0131f \u00f6\u011frencisi Utku Konak, grupta bulunan N.T.\u2019nin b\u0131\u00e7akl\u0131 sald\u0131r\u0131s\u0131na u\u011frad\u0131.<\/p>\n<p>Kanla i\u00e7inde yere y\u0131\u011f\u0131lan Konak, \u00e7a\u011f\u0131r\u0131lan sa\u011fl\u0131k ekibinin ilk m\u00fcdahalesi sonras\u0131 Giresun \u00dcniversitesi E\u011fitim ve Ara\u015ft\u0131rma Hastanesi&#x27;ne kald\u0131r\u0131ld\u0131. Ameliyata al\u0131nan Konak, doktorlar\u0131n t\u00fcm \u00e7abas\u0131na kar\u015f\u0131n kurtar\u0131lamad\u0131. Olay\u0131n ard\u0131ndan \u015f\u00fcpheli N.T. polis ekipleri taraf\u0131ndan g\u00f6zalt\u0131na al\u0131nd\u0131.<\/p>\n<p>FAT\u0130H ERBAKAN\u2019DAN TAZ\u0130YE MESAJI<\/p>\n<p>Yeniden Refah Partisi Genel Ba\u015fkan Fatih Erbakan ile siyasi partiler taziye mesaj\u0131 yay\u0131mlad\u0131. Fatih Erbakan, sanal medya hesab\u0131ndan yay\u0131mlad\u0131\u011f\u0131 mesaj\u0131nda \u201cGiresun \u0130l Gen\u00e7lik Kollar\u0131 Ba\u015fkan\u0131m\u0131z, te\u015fkilat\u0131m\u0131z\u0131n k\u0131ymetli evlad\u0131 Utku Konak\u2019\u0131n vefat\u0131n\u0131 derin bir \u00fcz\u00fcnt\u00fcyle \u00f6\u011frendim. Utku karde\u015fimize Allah\u2019tan rahmet; kederli ailesine, yak\u0131nlar\u0131na ve te\u015fkilat\u0131m\u0131za ba\u015fsa\u011fl\u0131\u011f\u0131 diliyorum. Mekan\u0131 cennet olsun\u201d ifadelerine yer verdi.<\/p>\n<p>OLAY KAMERADA<\/p>\n<p>Giresun&#x27;da Yeniden Refah Partisi \u0130l Gen\u00e7lik&#8230;<\/p>\n","protected":false},"excerpt":{"rendered":"<p>Giresun\u2019da iki grup aras\u0131nda \u00e7\u0131kan kavgay\u0131 ay\u0131rmak isterken b\u0131\u00e7aklanan Yeniden Refah Partisi \u0130l Gen\u00e7lik Kollar\u0131 Ba\u015fkan\u0131 Utku Konak (18), hayat\u0131n\u0131 kaybetti&#8230;.<\/p>\n","protected":false},"author":2,"featured_media":30984,"comment_status":"open","ping_status":"open","sticky":false,"template":"","format":"standard","meta":{"footnotes":""},"categories":[6,5],"tags":[],"class_list":["post-30985","post","type-post","status-publish","format-standard","has-post-thumbnail","hentry","category-gundem","category-son-dakika"],"_links":{"self":[{"href":"https:\/\/eskigazeteci.com\/index.php?rest_route=\/wp\/v2\/posts\/30985","targetHints":{"allow":["GET"]}}],"collection":[{"href":"https:\/\/eskigazeteci.com\/index.php?rest_route=\/wp\/v2\/posts"}],"about":[{"href":"https:\/\/eskigazeteci.com\/index.php?rest_route=\/wp\/v2\/types\/post"}],"author":[{"embeddable":true,"href":"https:\/\/eskigazeteci.com\/index.php?rest_route=\/wp\/v2\/users\/2"}],"replies":[{"embeddable":true,"href":"https:\/\/eskigazeteci.com\/index.php?rest_route=%2Fwp%2Fv2%2Fcomments&post=30985"}],"version-history":[{"count":0,"href":"https:\/\/eskigazeteci.com\/index.php?rest_route=\/wp\/v2\/posts\/30985\/revisions"}],"wp:featuredmedia":[{"embeddable":true,"href":"https:\/\/eskigazeteci.com\/index.php?rest_route=\/wp\/v2\/media\/30984"}],"wp:attachment":[{"href":"https:\/\/eskigazeteci.com\/index.php?rest_route=%2Fwp%2Fv2%2Fmedia&parent=30985"}],"wp:term":[{"taxonomy":"category","embeddable":true,"href":"https:\/\/eskigazeteci.com\/index.php?rest_route=%2Fwp%2Fv2%2Fcategories&post=30985"},{"taxonomy":"post_tag","embeddable":true,"href":"https:\/\/eskigazeteci.com\/index.php?rest_route=%2Fwp%2Fv2%2Ftags&post=30985"}],"curies":[{"name":"wp","href":"https:\/\/api.w.org\/{rel}","templated":true}]}}