{"id":30983,"date":"2026-04-30T14:26:40","date_gmt":"2026-04-30T14:26:40","guid":{"rendered":"https:\/\/eskigazeteci.com\/?p=30983"},"modified":"2026-04-30T14:26:40","modified_gmt":"2026-04-30T14:26:40","slug":"fenerbahcede-edson-alvarez-calismalara-basladi","status":"publish","type":"post","link":"https:\/\/eskigazeteci.com\/?p=30983","title":{"rendered":"Fenerbah\u00e7e&#8217;de Edson Alvarez \u00e7al\u0131\u015fmalara ba\u015flad\u0131"},"content":{"rendered":"<p>S\u00fcper Lig &#x27;in 32. haftas\u0131nda 2 May\u0131s Cumartesi g\u00fcn\u00fc Ba\u015fak\u015fehir&#x27;i konuk edecek Fenerbah\u00e7e haz\u0131rl\u0131klar\u0131n\u0131 s\u00fcrd\u00fcrd\u00fc.<\/p>\n<p>Kul\u00fcpten yap\u0131lan a\u00e7\u0131klamaya g\u00f6re Fenerbah\u00e7e Can Bartu Tesisleri&#x27;nde ger\u00e7ekle\u015ftirilen antrenman, salonda core \u00e7al\u0131\u015fmas\u0131yla ba\u015flad\u0131.<\/p>\n<p>Sahada ger\u00e7ekle\u015ftirilen \u0131s\u0131nma ve \u00e7abukluk hareketlerinin ard\u0131ndan iki gruba ayr\u0131lan sar\u0131-lacivertli oyuncular, pas idman\u0131 sonras\u0131 taktiksel ve bireysel \u00e7al\u0131\u015fmalarla antrenman\u0131 noktalad\u0131.<\/p>\n<p>Sar\u0131-lacivertli ekipte Edson Alvarez tak\u0131mla \u00e7al\u0131\u015fmalara ba\u015flarken, Marco Asensio bireysel program\u0131 do\u011frultusunda antrenman yapt\u0131. A\u011fr\u0131lar\u0131 artan Dorgeles Nene ise tedavi oldu.<\/p>\n<p>T\u00fcrkiye&#x27;den ve D\u00fcnya\u2019dan son dakika haberleri, k\u00f6\u015fe yaz\u0131lar\u0131, magazinden siyasete, spordan seyahate b\u00fct\u00fcn konular\u0131n tek adresi Hurriyet.com.tr haber i\u00e7erikleri izin al\u0131nmadan, kaynak g\u00f6sterilerek dahi iktibas edilemez. Kanuna ayk\u0131r\u0131 ve izinsiz olarak kopyalanamaz, ba\u015fka yerde yay\u0131nlanamaz.<\/p>\n","protected":false},"excerpt":{"rendered":"<p>Fenerbah\u00e7e&#8217;de sakatl\u0131\u011f\u0131n\u0131 atlatan Edson Alvarez, tak\u0131mla \u00e7al\u0131\u015fmalara ba\u015flad\u0131.<\/p>\n","protected":false},"author":2,"featured_media":30982,"comment_status":"open","ping_status":"open","sticky":false,"template":"","format":"standard","meta":{"footnotes":""},"categories":[5,7],"tags":[],"class_list":["post-30983","post","type-post","status-publish","format-standard","has-post-thumbnail","hentry","category-son-dakika","category-spor"],"_links":{"self":[{"href":"https:\/\/eskigazeteci.com\/index.php?rest_route=\/wp\/v2\/posts\/30983","targetHints":{"allow":["GET"]}}],"collection":[{"href":"https:\/\/eskigazeteci.com\/index.php?rest_route=\/wp\/v2\/posts"}],"about":[{"href":"https:\/\/eskigazeteci.com\/index.php?rest_route=\/wp\/v2\/types\/post"}],"author":[{"embeddable":true,"href":"https:\/\/eskigazeteci.com\/index.php?rest_route=\/wp\/v2\/users\/2"}],"replies":[{"embeddable":true,"href":"https:\/\/eskigazeteci.com\/index.php?rest_route=%2Fwp%2Fv2%2Fcomments&post=30983"}],"version-history":[{"count":0,"href":"https:\/\/eskigazeteci.com\/index.php?rest_route=\/wp\/v2\/posts\/30983\/revisions"}],"wp:featuredmedia":[{"embeddable":true,"href":"https:\/\/eskigazeteci.com\/index.php?rest_route=\/wp\/v2\/media\/30982"}],"wp:attachment":[{"href":"https:\/\/eskigazeteci.com\/index.php?rest_route=%2Fwp%2Fv2%2Fmedia&parent=30983"}],"wp:term":[{"taxonomy":"category","embeddable":true,"href":"https:\/\/eskigazeteci.com\/index.php?rest_route=%2Fwp%2Fv2%2Fcategories&post=30983"},{"taxonomy":"post_tag","embeddable":true,"href":"https:\/\/eskigazeteci.com\/index.php?rest_route=%2Fwp%2Fv2%2Ftags&post=30983"}],"curies":[{"name":"wp","href":"https:\/\/api.w.org\/{rel}","templated":true}]}}