{"id":30981,"date":"2026-04-30T14:25:07","date_gmt":"2026-04-30T14:25:07","guid":{"rendered":"https:\/\/eskigazeteci.com\/?p=30981"},"modified":"2026-04-30T14:25:07","modified_gmt":"2026-04-30T14:25:07","slug":"kizilcik-serbeti-yarin-aksam-var-mi-yok-mu-1-mayis-cuma-kizilcik-serbeti-yeni-bolum-olacak-mi","status":"publish","type":"post","link":"https:\/\/eskigazeteci.com\/?p=30981","title":{"rendered":"K\u0131z\u0131lc\u0131k \u015eerbeti yar\u0131n ak\u015fam var m\u0131 yok mu? 1 May\u0131s Cuma K\u0131z\u0131lc\u0131k \u015eerbeti yeni b\u00f6l\u00fcm olacak m\u0131?"},"content":{"rendered":"<p>Cuma ak\u015famlar\u0131n\u0131n sevilen dizisi K\u0131z\u0131lc\u0131k \u015eerbeti yeni b\u00f6l\u00fcm resmi tatil nedeniyle yay\u0131nlanacak m\u0131 merak ediliyor. e\u00e7ti\u011fimiz hafta yay\u0131nlanan b\u00f6l\u00fcmde tansiyon bir an olsun d\u00fc\u015fmedi. \u0130lhami ve Nursema&#x27;n\u0131n evinde \u00e7\u0131kan yang\u0131n b\u00f6l\u00fcme damga vurdu. Asil&#x27;in alevlerin aras\u0131na dalarak birini kurtarmaya \u00e7al\u0131\u015fmas\u0131 dramatik anlara sahne oldu. Peki, K\u0131z\u0131lc\u0131k \u015eerbeti yar\u0131n ak\u015fam var m\u0131 yok mu? 1 May\u0131s Cuma K\u0131z\u0131lc\u0131k \u015eerbeti yeni b\u00f6l\u00fcm olacak m\u0131? \u0130\u015fte merak edilenler&#8230;<\/p>\n<p>Cuma ak\u015famlar\u0131n\u0131n sevilen dizisi K\u0131z\u0131lc\u0131k \u015eerbeti yeni b\u00f6l\u00fcm resmi tatil nedeniyle yay\u0131nlanacak m\u0131 merak ediliyor. e\u00e7ti\u011fimiz hafta yay\u0131nlanan b\u00f6l\u00fcmde tansiyon bir an olsun d\u00fc\u015fmedi. \u0130lhami ve Nursema&#x27;n\u0131n evinde \u00e7\u0131kan yang\u0131n b\u00f6l\u00fcme damga vurdu. Asil&#x27;in alevlerin aras\u0131na dalarak birini kurtarmaya \u00e7al\u0131\u015fmas\u0131 dramatik anlara sahne oldu. Peki, K\u0131z\u0131lc\u0131k \u015eerbeti yar\u0131n ak\u015fam var m\u0131 yok mu? 1 May\u0131s Cuma K\u0131z\u0131lc\u0131k \u015eerbeti yeni b\u00f6l\u00fcm olacak m\u0131? \u0130\u015fte merak edilenler&#8230;<\/p>\n<p>1 May\u0131s Cuma g\u00fcn\u00fc K\u0131z\u0131lc\u0131k \u015eerbeti yeni b\u00f6l\u00fcm yay\u0131n ak\u0131\u015f\u0131na g\u00f6re saat 20:00&#x27;da izleyicisiyle bulu\u015facak.<\/p>\n<p>1 May\u0131s Cuma g\u00fcn\u00fc K\u0131z\u0131lc\u0131k \u015eerbeti yeni b\u00f6l\u00fcm yay\u0131n ak\u0131\u015f\u0131na g\u00f6re saat 20:00&#x27;da izleyicisiyle bulu\u015facak.<\/p>\n<p>1 May\u0131s Cuma ak\u015fam\u0131 yay\u0131nlanacak yeni b\u00f6l\u00fcmde \u015funlar bekleniyor:&#8230;<\/p>\n","protected":false},"excerpt":{"rendered":"<p>K\u0131z\u0131lc\u0131k \u015eerbeti dizisinin 1 May\u0131s 2026 Cuma g\u00fcn\u00fc yay\u0131nlan\u0131p yay\u0131nlanmayaca\u011f\u0131 ve son b\u00f6l\u00fcm geli\u015fmeleri merak ediliyor. Ayr\u0131ca dizinin bu sezonki yolculu\u011funun&#8230;<\/p>\n","protected":false},"author":2,"featured_media":30980,"comment_status":"open","ping_status":"open","sticky":false,"template":"","format":"standard","meta":{"footnotes":""},"categories":[6,5],"tags":[],"class_list":["post-30981","post","type-post","status-publish","format-standard","has-post-thumbnail","hentry","category-gundem","category-son-dakika"],"_links":{"self":[{"href":"https:\/\/eskigazeteci.com\/index.php?rest_route=\/wp\/v2\/posts\/30981","targetHints":{"allow":["GET"]}}],"collection":[{"href":"https:\/\/eskigazeteci.com\/index.php?rest_route=\/wp\/v2\/posts"}],"about":[{"href":"https:\/\/eskigazeteci.com\/index.php?rest_route=\/wp\/v2\/types\/post"}],"author":[{"embeddable":true,"href":"https:\/\/eskigazeteci.com\/index.php?rest_route=\/wp\/v2\/users\/2"}],"replies":[{"embeddable":true,"href":"https:\/\/eskigazeteci.com\/index.php?rest_route=%2Fwp%2Fv2%2Fcomments&post=30981"}],"version-history":[{"count":0,"href":"https:\/\/eskigazeteci.com\/index.php?rest_route=\/wp\/v2\/posts\/30981\/revisions"}],"wp:featuredmedia":[{"embeddable":true,"href":"https:\/\/eskigazeteci.com\/index.php?rest_route=\/wp\/v2\/media\/30980"}],"wp:attachment":[{"href":"https:\/\/eskigazeteci.com\/index.php?rest_route=%2Fwp%2Fv2%2Fmedia&parent=30981"}],"wp:term":[{"taxonomy":"category","embeddable":true,"href":"https:\/\/eskigazeteci.com\/index.php?rest_route=%2Fwp%2Fv2%2Fcategories&post=30981"},{"taxonomy":"post_tag","embeddable":true,"href":"https:\/\/eskigazeteci.com\/index.php?rest_route=%2Fwp%2Fv2%2Ftags&post=30981"}],"curies":[{"name":"wp","href":"https:\/\/api.w.org\/{rel}","templated":true}]}}