{"id":30979,"date":"2026-04-30T14:16:43","date_gmt":"2026-04-30T14:16:43","guid":{"rendered":"https:\/\/eskigazeteci.com\/?p=30979"},"modified":"2026-04-30T14:16:43","modified_gmt":"2026-04-30T14:16:43","slug":"besiktasin-gaziantep-fk-kadrosu-belli-oldu-3-eksik-var","status":"publish","type":"post","link":"https:\/\/eskigazeteci.com\/?p=30979","title":{"rendered":"Be\u015fikta\u015f&#8217;\u0131n Gaziantep FK kadrosu belli oldu! 3 eksik var"},"content":{"rendered":"<p>Kul\u00fcpten yap\u0131lan a\u00e7\u0131klamaya g\u00f6re BJK Nevzat Demir Tesisleri&#x27;nde ger\u00e7ekle\u015ftirilen antrenman, yakla\u015f\u0131k 1 saat s\u00fcrd\u00fc. 5&#x27;e 2 pas ve top kapma \u00e7al\u0131\u015fmalar\u0131yla ba\u015flayan antrenman, duran top organizasyonlar\u0131n\u0131n ard\u0131ndan taktik idmanlarla sona erdi.<\/p>\n<p>KAMP KADROSU BELL\u0130 OLDU<\/p>\n<p>Antrenman\u0131n ard\u0131ndan siyah-beyazl\u0131 tak\u0131m\u0131n Gaziantep FK ma\u00e7\u0131n\u0131n kamp kadrosu belli oldu.<\/p>\n<p>Teknik direkt\u00f6r Sergen Yal\u00e7\u0131n, kafileye \u015fu isimleri dahil etti:<\/p>\n<p>Ersin Destano\u011flu, Devis Vasquez, Emre Bilgin, Wilfred Ndidi, Milot Rashica, Salih U\u00e7an, Hyeon-Gyu Oh, Orkun K\u00f6k\u00e7\u00fc, Cengiz \u00dcnder, Emmanuel Agbadou, Felix Uduokhai, Junior Olaitan, Vaclav Cerny, El Bilal Toure, Taylan Bulut, Kristjan Asllani, Jota Silva, Tiago Djalo, Emirhan Top\u00e7u, Yasin \u00d6zcan, Amir Murillo, Mustafa Hekimo\u011flu.<\/p>\n<p>T\u00fcrkiye&#x27;den ve D\u00fcnya\u2019dan son dakika haberleri, k\u00f6\u015fe yaz\u0131lar\u0131, magazinden siyasete, spordan seyahate b\u00fct\u00fcn konular\u0131n tek adresi Hurriyet.com.tr haber i\u00e7erikleri izin al\u0131nmadan, kaynak g\u00f6sterilerek dahi iktibas edilemez. Kanuna ayk\u0131r\u0131 ve izinsiz olarak kopyalanamaz, ba\u015fka yerde yay\u0131nlanamaz.<\/p>\n","protected":false},"excerpt":{"rendered":"<p>S\u00fcper Lig&#8217;in 32. haftas\u0131nda yar\u0131n Gaziantep FK ile deplasmanda kar\u015f\u0131la\u015facak Be\u015fikta\u015f haz\u0131rl\u0131klar\u0131n\u0131 tamamlad\u0131.<\/p>\n","protected":false},"author":2,"featured_media":30978,"comment_status":"open","ping_status":"open","sticky":false,"template":"","format":"standard","meta":{"footnotes":""},"categories":[5,7],"tags":[],"class_list":["post-30979","post","type-post","status-publish","format-standard","has-post-thumbnail","hentry","category-son-dakika","category-spor"],"_links":{"self":[{"href":"https:\/\/eskigazeteci.com\/index.php?rest_route=\/wp\/v2\/posts\/30979","targetHints":{"allow":["GET"]}}],"collection":[{"href":"https:\/\/eskigazeteci.com\/index.php?rest_route=\/wp\/v2\/posts"}],"about":[{"href":"https:\/\/eskigazeteci.com\/index.php?rest_route=\/wp\/v2\/types\/post"}],"author":[{"embeddable":true,"href":"https:\/\/eskigazeteci.com\/index.php?rest_route=\/wp\/v2\/users\/2"}],"replies":[{"embeddable":true,"href":"https:\/\/eskigazeteci.com\/index.php?rest_route=%2Fwp%2Fv2%2Fcomments&post=30979"}],"version-history":[{"count":0,"href":"https:\/\/eskigazeteci.com\/index.php?rest_route=\/wp\/v2\/posts\/30979\/revisions"}],"wp:featuredmedia":[{"embeddable":true,"href":"https:\/\/eskigazeteci.com\/index.php?rest_route=\/wp\/v2\/media\/30978"}],"wp:attachment":[{"href":"https:\/\/eskigazeteci.com\/index.php?rest_route=%2Fwp%2Fv2%2Fmedia&parent=30979"}],"wp:term":[{"taxonomy":"category","embeddable":true,"href":"https:\/\/eskigazeteci.com\/index.php?rest_route=%2Fwp%2Fv2%2Fcategories&post=30979"},{"taxonomy":"post_tag","embeddable":true,"href":"https:\/\/eskigazeteci.com\/index.php?rest_route=%2Fwp%2Fv2%2Ftags&post=30979"}],"curies":[{"name":"wp","href":"https:\/\/api.w.org\/{rel}","templated":true}]}}