{"id":30977,"date":"2026-04-30T14:15:10","date_gmt":"2026-04-30T14:15:10","guid":{"rendered":"https:\/\/eskigazeteci.com\/?p=30977"},"modified":"2026-04-30T14:15:10","modified_gmt":"2026-04-30T14:15:10","slug":"aziz-yildirim-aday-mi-aziz-yildirim-fenerbahce-baskan-adayi-olacak-mi","status":"publish","type":"post","link":"https:\/\/eskigazeteci.com\/?p=30977","title":{"rendered":"Aziz Y\u0131ld\u0131r\u0131m aday m\u0131? Aziz Y\u0131ld\u0131r\u0131m Fenerbah\u00e7e ba\u015fkan aday\u0131 olacak m\u0131?"},"content":{"rendered":"<p>Fenerbah\u00e7e &#x27;de sezon sonunda se\u00e7im karar\u0131 al\u0131nmas\u0131n\u0131n ard\u0131ndan Mehmet Ali Ayd\u0131nlar , Bar\u0131\u015f G\u00f6kt\u00fcrk ve eski y\u00f6neticilerden Hakan Safi ba\u015fkanl\u0131\u011fa aday oldu\u011funu resmen a\u00e7\u0131klad\u0131. Bu isimlerin ard\u0131ndan Aziz Y\u0131ld\u0131r\u0131m&#x27;\u0131n aday olup olmayaca\u011f\u0131 konusu ara\u015ft\u0131r\u0131lan husus oldu. Peki, Aziz Y\u0131ld\u0131r\u0131m aday m\u0131? Aziz Y\u0131ld\u0131r\u0131m Fenerbah\u00e7e ba\u015fkan aday\u0131 olacak m\u0131? \u0130\u015fte, o detaylar<\/p>\n<p>AZ\u0130Z YILDIRIM&#x27;DAN ADAYLIK A\u00c7IKLAMASI<\/p>\n<p>Ge\u00e7ti\u011fimiz g\u00fcnlerde bir televizyon program\u0131nda adayl\u0131k s\u00fcreci hakk\u0131nda a\u00e7\u0131klama yapan Aziz Y\u0131ld\u0131r\u0131m, &quot;Her \u015fey berrakla\u015fs\u0131n. Kim aday kim de\u011fil, herkesi bir g\u00f6relim. Her \u015fey durulsun, a\u00e7\u0131klama yapaca\u011f\u0131m. Benim illa ba\u015fkan olma derdim yok ama Fenerbah\u00e7e&#x27;ye katk\u0131 sa\u011flayabilirsek ve hep beraber \u00e7ocuklar\u0131n a\u011flamas\u0131n\u0131 \u00f6nleyebilecek bir olu\u015fum kurulursa o zaman bakar\u0131z. \u00d6n\u00fcm\u00fczdeki g\u00fcnlerde a\u00e7\u0131klamam\u0131 yapaca\u011f\u0131m. Ben \u015fu anda ismi ge\u00e7en hi\u00e7 kimseyle g\u00f6r\u00fc\u015fmedim.&quot; ifadelerinde bulundu.<\/p>\n<p>Bu a\u00e7\u0131klama, Aziz Y\u0131ld\u0131r\u0131m&#x27;\u0131n adayl\u0131k konusunda kesin bir karar vermedi\u011fi ancak adayl\u0131k s\u00fcrecine dair kap\u0131y\u0131 tam olarak kapatmad\u0131\u011f\u0131 \u015feklinde de\u011ferlendirildi.<\/p>\n<p>BA\u015eKAN ADAYINI BEL\u0130RLEYECE\u011e\u0130 \u0130DD\u0130ASINI YALANLAMI\u015eTI<\/p>\n<p>Aziz Y\u0131ld\u0131r\u0131m ge\u00e7ti\u011fimiz hafta vermi\u015f oldu\u011fu bir deme\u00e7te, Fenerbah\u00e7e&#x27;nin ba\u015fkan aday\u0131n\u0131 belirleyece\u011fine&#8230;<\/p>\n","protected":false},"excerpt":{"rendered":"<p>Fenerbah\u00e7e&#8217;de yakla\u015fan ba\u015fkanl\u0131k se\u00e7imi \u00f6ncesinde eski ba\u015fkan Aziz Y\u0131ld\u0131r\u0131m&#8217;\u0131n aday olup olmayaca\u011f\u0131 merak konusu olmaya devam ediyor. Hen\u00fcz resmi bir adayl\u0131k&#8230;<\/p>\n","protected":false},"author":2,"featured_media":30976,"comment_status":"open","ping_status":"open","sticky":false,"template":"","format":"standard","meta":{"footnotes":""},"categories":[5,7],"tags":[],"class_list":["post-30977","post","type-post","status-publish","format-standard","has-post-thumbnail","hentry","category-son-dakika","category-spor"],"_links":{"self":[{"href":"https:\/\/eskigazeteci.com\/index.php?rest_route=\/wp\/v2\/posts\/30977","targetHints":{"allow":["GET"]}}],"collection":[{"href":"https:\/\/eskigazeteci.com\/index.php?rest_route=\/wp\/v2\/posts"}],"about":[{"href":"https:\/\/eskigazeteci.com\/index.php?rest_route=\/wp\/v2\/types\/post"}],"author":[{"embeddable":true,"href":"https:\/\/eskigazeteci.com\/index.php?rest_route=\/wp\/v2\/users\/2"}],"replies":[{"embeddable":true,"href":"https:\/\/eskigazeteci.com\/index.php?rest_route=%2Fwp%2Fv2%2Fcomments&post=30977"}],"version-history":[{"count":0,"href":"https:\/\/eskigazeteci.com\/index.php?rest_route=\/wp\/v2\/posts\/30977\/revisions"}],"wp:featuredmedia":[{"embeddable":true,"href":"https:\/\/eskigazeteci.com\/index.php?rest_route=\/wp\/v2\/media\/30976"}],"wp:attachment":[{"href":"https:\/\/eskigazeteci.com\/index.php?rest_route=%2Fwp%2Fv2%2Fmedia&parent=30977"}],"wp:term":[{"taxonomy":"category","embeddable":true,"href":"https:\/\/eskigazeteci.com\/index.php?rest_route=%2Fwp%2Fv2%2Fcategories&post=30977"},{"taxonomy":"post_tag","embeddable":true,"href":"https:\/\/eskigazeteci.com\/index.php?rest_route=%2Fwp%2Fv2%2Ftags&post=30977"}],"curies":[{"name":"wp","href":"https:\/\/api.w.org\/{rel}","templated":true}]}}