{"id":30975,"date":"2026-04-30T14:06:39","date_gmt":"2026-04-30T14:06:39","guid":{"rendered":"https:\/\/eskigazeteci.com\/?p=30975"},"modified":"2026-04-30T14:06:39","modified_gmt":"2026-04-30T14:06:39","slug":"1-mayista-kuyumcular-acik-mi-2026-yarin-kuyumcular-kapali-mi-tatil-mi-olacak","status":"publish","type":"post","link":"https:\/\/eskigazeteci.com\/?p=30975","title":{"rendered":"1 May\u0131s&#8217;ta kuyumcular a\u00e7\u0131k m\u0131 2026? Yar\u0131n kuyumcular kapal\u0131 m\u0131, tatil mi olacak?"},"content":{"rendered":"<p>1 May\u0131s Emek ve Dayan\u0131\u015fma G\u00fcn\u00fc 206 y\u0131l\u0131nda cuma g\u00fcn\u00fcne denk geldi. Bu nedenle resmi tatil 3 g\u00fcne \u00e7\u0131kt\u0131. 1 May\u0131s resmi tatil mi, hangi g\u00fcn ara\u015ft\u0131rmalar\u0131 \u00f6zel sekt\u00f6r ve kamu \u00e7al\u0131\u015fanlar\u0131n\u0131n yan\u0131 s\u0131ra kuyumcular i\u00e7in de ara\u015ft\u0131r\u0131l\u0131yor. Peki, 1 May\u0131s&#x27;ta kuyumcular a\u00e7\u0131k m\u0131 2026? Yar\u0131n kuyumcular kapal\u0131 m\u0131, tatil mi olacak? \u0130\u015fte 1 May\u0131s kuyumcu \u00e7al\u0131\u015fma saatleri<\/p>\n<p>1 May\u0131s Emek ve Dayan\u0131\u015fma G\u00fcn\u00fc 206 y\u0131l\u0131nda cuma g\u00fcn\u00fcne denk geldi. Bu nedenle resmi tatil 3 g\u00fcne \u00e7\u0131kt\u0131. 1 May\u0131s resmi tatil mi, hangi g\u00fcn ara\u015ft\u0131rmalar\u0131 \u00f6zel sekt\u00f6r ve kamu \u00e7al\u0131\u015fanlar\u0131n\u0131n yan\u0131 s\u0131ra kuyumcular i\u00e7in de ara\u015ft\u0131r\u0131l\u0131yor. Peki, 1 May\u0131s&#x27;ta kuyumcular a\u00e7\u0131k m\u0131 2026? Yar\u0131n kuyumcular kapal\u0131 m\u0131, tatil mi olacak? \u0130\u015fte 1 May\u0131s kuyumcu \u00e7al\u0131\u015fma saatleri<\/p>\n<p>1 May\u0131s Emek ve Dayan\u0131\u015fma G\u00fcn\u00fc, T\u00fcrkiye&#x27;de resmi tatil stat\u00fcs\u00fcndedir. Bu kapsamda kamu kurumlar\u0131, bankalar ve Borsa \u0130stanbul gibi kurulu\u015flar kapal\u0131 olacakt\u0131r. Kuyumcular ise \u00f6zel i\u015fletme stat\u00fcs\u00fcnde olduklar\u0131 i\u00e7in \u00e7al\u0131\u015fma d\u00fczenleri farkl\u0131l\u0131k g\u00f6sterebilmektedir: Kuyumcular\u0131n b\u00fcy\u00fck \u00e7o\u011funlu\u011fu resmi tatillerde dinlenmeyi tercih ederek d\u00fckkanlar\u0131n\u0131 kapatmaktad\u0131r. Turistik b\u00f6lgeler, \u00e7ar\u015f\u0131 merkezleri ve al\u0131\u015fveri\u015f merkezleri (AVM) i\u00e7erisindeki kuyumcular\u0131n 1 May\u0131s&#x27;ta hizmet vermeye devam&#8230;<\/p>\n","protected":false},"excerpt":{"rendered":"<p>Cuma g\u00fcn\u00fc 1 May\u0131s resmi tatil nedeniyle kamu kurumlar\u0131 ve baz\u0131 sekt\u00f6rler hizmet vermiyor. 1 May\u0131s&#8217;ta kuyumcular\u0131n \u00e7al\u0131\u015f\u0131p \u00e7al\u0131\u015fmad\u0131\u011f\u0131 ise merak ediliyor&#8230;.<\/p>\n","protected":false},"author":2,"featured_media":30974,"comment_status":"open","ping_status":"open","sticky":false,"template":"","format":"standard","meta":{"footnotes":""},"categories":[6,5],"tags":[],"class_list":["post-30975","post","type-post","status-publish","format-standard","has-post-thumbnail","hentry","category-gundem","category-son-dakika"],"_links":{"self":[{"href":"https:\/\/eskigazeteci.com\/index.php?rest_route=\/wp\/v2\/posts\/30975","targetHints":{"allow":["GET"]}}],"collection":[{"href":"https:\/\/eskigazeteci.com\/index.php?rest_route=\/wp\/v2\/posts"}],"about":[{"href":"https:\/\/eskigazeteci.com\/index.php?rest_route=\/wp\/v2\/types\/post"}],"author":[{"embeddable":true,"href":"https:\/\/eskigazeteci.com\/index.php?rest_route=\/wp\/v2\/users\/2"}],"replies":[{"embeddable":true,"href":"https:\/\/eskigazeteci.com\/index.php?rest_route=%2Fwp%2Fv2%2Fcomments&post=30975"}],"version-history":[{"count":0,"href":"https:\/\/eskigazeteci.com\/index.php?rest_route=\/wp\/v2\/posts\/30975\/revisions"}],"wp:featuredmedia":[{"embeddable":true,"href":"https:\/\/eskigazeteci.com\/index.php?rest_route=\/wp\/v2\/media\/30974"}],"wp:attachment":[{"href":"https:\/\/eskigazeteci.com\/index.php?rest_route=%2Fwp%2Fv2%2Fmedia&parent=30975"}],"wp:term":[{"taxonomy":"category","embeddable":true,"href":"https:\/\/eskigazeteci.com\/index.php?rest_route=%2Fwp%2Fv2%2Fcategories&post=30975"},{"taxonomy":"post_tag","embeddable":true,"href":"https:\/\/eskigazeteci.com\/index.php?rest_route=%2Fwp%2Fv2%2Ftags&post=30975"}],"curies":[{"name":"wp","href":"https:\/\/api.w.org\/{rel}","templated":true}]}}