{"id":30971,"date":"2026-04-30T13:56:40","date_gmt":"2026-04-30T13:56:40","guid":{"rendered":"https:\/\/eskigazeteci.com\/?p=30971"},"modified":"2026-04-30T13:56:40","modified_gmt":"2026-04-30T13:56:40","slug":"tbmm-genel-kurulunda-sumud-filosu-tezkeresi-kabul-edildi-acik-bir-savas-sucu","status":"publish","type":"post","link":"https:\/\/eskigazeteci.com\/?p=30971","title":{"rendered":"TBMM Genel Kurulu&#8217;nda &#8216;Sumud Filosu&#8217; tezkeresi kabul edildi! &#8216;A\u00e7\u0131k bir sava\u015f su\u00e7u&#8217;"},"content":{"rendered":"<p>TBMM Genel Kurulunda, TBMM Ba\u015fkan\u0131 Numan Kurtulmu\u015f&#x27;un imzas\u0131n\u0131 ta\u015f\u0131yan Meclis Ba\u015fkanl\u0131\u011f\u0131 Tezkeresi okundu.<\/p>\n<p>Tezkerede, \u0130srail&#x27;in uluslararas\u0131 hukuku bir kez daha f\u00fctursuzca \u00e7i\u011fneyerek, i\u015flemekte oldu\u011fu soyk\u0131r\u0131m ve sava\u015f su\u00e7lar\u0131na bir yenisini ekledi\u011fi belirtildi.<\/p>\n<p>&quot;A\u00c7IK B\u0130R SAVA\u015e SU\u00c7U&quot;<\/p>\n<p>\u0130srail&#x27;in sivil ve bar\u0131\u015f\u00e7\u0131l bir te\u015febb\u00fcs olan K\u00fcresel Sumud Filosu&#x27;na uluslararas\u0131 sularda sald\u0131rd\u0131\u011f\u0131 hat\u0131rlat\u0131lan tezkerede, \u015funlar kaydedildi:<\/p>\n<p>&quot;K\u00fcresel Sumud Filosu&#x27;na silahl\u0131 m\u00fcdahalede bulunan \u0130srail ordusu hem insani yard\u0131mlar\u0131 engellemi\u015f hem de 20&#x27;si vatanda\u015f\u0131m\u0131z toplam 175 Filistin dostu aktivisti al\u0131koymu\u015ftur. S\u00f6z konusu korsanl\u0131k eylemi a\u00e7\u0131k bir sava\u015f su\u00e7udur. \u0130nsanl\u0131\u011f\u0131n t\u00fcm tahamm\u00fcl s\u0131n\u0131rlar\u0131n\u0131 a\u015fan \u0130srail&#x27;i uyar\u0131yor, zorla al\u0131konulan aktivistleri ve vatanda\u015flar\u0131m\u0131z\u0131 derhal serbest b\u0131rakmaya \u00e7a\u011f\u0131r\u0131yoruz. T\u00fcm siyasi partilerimiz ve milletvekillerimizle birlikte T\u00fcrkiye B\u00fcy\u00fck Millet Meclisi olarak, hukuksuz bir \u015fekilde al\u0131konulan vatanda\u015flar\u0131m\u0131z\u0131n ve Gazze halk\u0131na insani yard\u0131m ula\u015ft\u0131rmak i\u00e7in yola \u00e7\u0131kan insanl\u0131k cephesinin t\u00fcm \u00fcyelerinin yan\u0131nda oldu\u011fumuzu ifade ediyoruz.<\/p>\n<p>Ayr\u0131ca ba\u015fta vatanda\u015flar\u0131m\u0131z olmak \u00fczere K\u00fcresel Sumud Filosu &#x27;nun mensuplar\u0131na kar\u015f\u0131 \u0130srail i\u015fgal g\u00fc\u00e7lerince i\u015flenen&#8230;<\/p>\n","protected":false},"excerpt":{"rendered":"<p>TBMM Genel Kurulunda, K\u00fcresel Sumud Filosu&#8217;na \u0130srail Ordusu Taraf\u0131ndan Yap\u0131lan Silahl\u0131 M\u00fcdahale Hakk\u0131nda Tezkere oy birli\u011fiyle kabul edildi. Meclis&#8230;<\/p>\n","protected":false},"author":2,"featured_media":30970,"comment_status":"open","ping_status":"open","sticky":false,"template":"","format":"standard","meta":{"footnotes":""},"categories":[6,5],"tags":[],"class_list":["post-30971","post","type-post","status-publish","format-standard","has-post-thumbnail","hentry","category-gundem","category-son-dakika"],"_links":{"self":[{"href":"https:\/\/eskigazeteci.com\/index.php?rest_route=\/wp\/v2\/posts\/30971","targetHints":{"allow":["GET"]}}],"collection":[{"href":"https:\/\/eskigazeteci.com\/index.php?rest_route=\/wp\/v2\/posts"}],"about":[{"href":"https:\/\/eskigazeteci.com\/index.php?rest_route=\/wp\/v2\/types\/post"}],"author":[{"embeddable":true,"href":"https:\/\/eskigazeteci.com\/index.php?rest_route=\/wp\/v2\/users\/2"}],"replies":[{"embeddable":true,"href":"https:\/\/eskigazeteci.com\/index.php?rest_route=%2Fwp%2Fv2%2Fcomments&post=30971"}],"version-history":[{"count":0,"href":"https:\/\/eskigazeteci.com\/index.php?rest_route=\/wp\/v2\/posts\/30971\/revisions"}],"wp:featuredmedia":[{"embeddable":true,"href":"https:\/\/eskigazeteci.com\/index.php?rest_route=\/wp\/v2\/media\/30970"}],"wp:attachment":[{"href":"https:\/\/eskigazeteci.com\/index.php?rest_route=%2Fwp%2Fv2%2Fmedia&parent=30971"}],"wp:term":[{"taxonomy":"category","embeddable":true,"href":"https:\/\/eskigazeteci.com\/index.php?rest_route=%2Fwp%2Fv2%2Fcategories&post=30971"},{"taxonomy":"post_tag","embeddable":true,"href":"https:\/\/eskigazeteci.com\/index.php?rest_route=%2Fwp%2Fv2%2Ftags&post=30971"}],"curies":[{"name":"wp","href":"https:\/\/api.w.org\/{rel}","templated":true}]}}