{"id":30967,"date":"2026-04-30T13:48:10","date_gmt":"2026-04-30T13:48:10","guid":{"rendered":"https:\/\/eskigazeteci.com\/?p=30967"},"modified":"2026-04-30T13:48:10","modified_gmt":"2026-04-30T13:48:10","slug":"anguissa-kimdir-nereli-kac-yasinda-transfer-gundemindeki-anguissa-hangi-takimlarda-oynadi","status":"publish","type":"post","link":"https:\/\/eskigazeteci.com\/?p=30967","title":{"rendered":"Anguissa kimdir, nereli, ka\u00e7 ya\u015f\u0131nda? Transfer g\u00fcndemindeki Anguissa hangi tak\u0131mlarda oynad\u0131?"},"content":{"rendered":"<p>Andr\u00e9-Frank Zambo Anguissa, Avrupa\u2019n\u0131n farkl\u0131 liglerinde forma giymi\u015f ve orta saha hatt\u0131nda g\u00f6rev yapan profesyonel bir futbolcudur. Kul\u00fcp kariyerinde bir\u00e7ok \u00f6nemli tak\u0131mda oynayan Anguissa, \u00f6zellikle Napoli\u2019deki performans\u0131yla dikkat \u00e7ekmi\u015ftir. Peki, Andr\u00e9-Frank Zambo Anguissa kimdir, nereli, ka\u00e7 ya\u015f\u0131nda? \u0130\u015fte, o isim hakk\u0131nda detayl\u0131 biyografi bilgileri.<\/p>\n<p>ANDR\u00c9-FRANK ZAMBO ANGUISSA K\u0130MD\u0130R?<\/p>\n<p>Andr\u00e9-Frank Zambo Anguissa , 16 Kas\u0131m 1995 tarihinde Kamerun\u2019un ba\u015fkenti Yaound\u00e9\u2019de do\u011fmu\u015ftur. Futbola \u00fclkesinde ba\u015flayan Anguissa, altyap\u0131 e\u011fitimini Coton Sport kul\u00fcb\u00fcnde alm\u0131\u015ft\u0131r. Gen\u00e7 ya\u015fta Avrupa\u2019ya transfer olarak kariyerine Fransa\u2019da devam etmi\u015ftir. Orta sahada g\u00f6rev yapan futbolcu, sa\u011f aya\u011f\u0131n\u0131 kullanmakta olup fiziksel g\u00fcc\u00fc ve m\u00fccadeleci oyun tarz\u0131yla bilinmektedir.<\/p>\n<p>ANDR\u00c9-FRANK ZAMBO ANGUISSA HANG\u0130 TAKIMLARDA OYNADI?<\/p>\n<p>Anguissa profesyonel kariyerine 2014 y\u0131l\u0131nda Stade de Reims formas\u0131yla ba\u015flam\u0131\u015ft\u0131r. Buradaki k\u0131sa s\u00fcrenin ard\u0131ndan Olympique de Marseille\u2019e transfer olmu\u015f ve Fransa\u2019da dikkat \u00e7eken performanslar sergilemi\u015ftir. 2018 y\u0131l\u0131nda \u0130ngiltere Premier League ekiplerinden Fulham\u2019a transfer olarak kariyerine farkl\u0131 bir ligde devam etmi\u015ftir. Fulham d\u00f6neminde bir sezon Villarreal\u2019e&#8230;<\/p>\n","protected":false},"excerpt":{"rendered":"<p>Andr\u00e9-Frank Zambo Anguissa kimdir sorusu, hayat\u0131 ve biyografisi hakk\u0131nda bilgi edinmek isteyen pek \u00e7ok ki\u015fi taraf\u0131ndan merak ediliyor. Orta sahan\u0131n&#8230;<\/p>\n","protected":false},"author":2,"featured_media":30966,"comment_status":"open","ping_status":"open","sticky":false,"template":"","format":"standard","meta":{"footnotes":""},"categories":[5,7],"tags":[],"class_list":["post-30967","post","type-post","status-publish","format-standard","has-post-thumbnail","hentry","category-son-dakika","category-spor"],"_links":{"self":[{"href":"https:\/\/eskigazeteci.com\/index.php?rest_route=\/wp\/v2\/posts\/30967","targetHints":{"allow":["GET"]}}],"collection":[{"href":"https:\/\/eskigazeteci.com\/index.php?rest_route=\/wp\/v2\/posts"}],"about":[{"href":"https:\/\/eskigazeteci.com\/index.php?rest_route=\/wp\/v2\/types\/post"}],"author":[{"embeddable":true,"href":"https:\/\/eskigazeteci.com\/index.php?rest_route=\/wp\/v2\/users\/2"}],"replies":[{"embeddable":true,"href":"https:\/\/eskigazeteci.com\/index.php?rest_route=%2Fwp%2Fv2%2Fcomments&post=30967"}],"version-history":[{"count":0,"href":"https:\/\/eskigazeteci.com\/index.php?rest_route=\/wp\/v2\/posts\/30967\/revisions"}],"wp:featuredmedia":[{"embeddable":true,"href":"https:\/\/eskigazeteci.com\/index.php?rest_route=\/wp\/v2\/media\/30966"}],"wp:attachment":[{"href":"https:\/\/eskigazeteci.com\/index.php?rest_route=%2Fwp%2Fv2%2Fmedia&parent=30967"}],"wp:term":[{"taxonomy":"category","embeddable":true,"href":"https:\/\/eskigazeteci.com\/index.php?rest_route=%2Fwp%2Fv2%2Fcategories&post=30967"},{"taxonomy":"post_tag","embeddable":true,"href":"https:\/\/eskigazeteci.com\/index.php?rest_route=%2Fwp%2Fv2%2Ftags&post=30967"}],"curies":[{"name":"wp","href":"https:\/\/api.w.org\/{rel}","templated":true}]}}