{"id":30961,"date":"2026-04-30T13:36:33","date_gmt":"2026-04-30T13:36:33","guid":{"rendered":"https:\/\/eskigazeteci.com\/?p=30961"},"modified":"2026-04-30T13:36:33","modified_gmt":"2026-04-30T13:36:33","slug":"polise-saldirmakla-yargilanan-belediye-baskanina-5-ay-hapis","status":"publish","type":"post","link":"https:\/\/eskigazeteci.com\/?p=30961","title":{"rendered":"Polise sald\u0131rmakla yarg\u0131lanan belediye ba\u015fkan\u0131na 5 ay hapis"},"content":{"rendered":"<p>Ge\u00e7en y\u0131l 19 Mart&#x27;ta \u0130stanbul B\u00fcy\u00fck\u015fehir Belediyesi&#x27;ne y\u00f6nelik y\u00fcr\u00fct\u00fclen soru\u015fturma kapsam\u0131nda Ekrem \u0130mamo\u011flu&#x27;nun g\u00f6zalt\u0131na al\u0131nmas\u0131n\u0131 protesto etmek amac\u0131yla CHP Mu\u011fla \u0130l Ba\u015fkanl\u0131\u011f\u0131 \u00f6n\u00fcnde toplanan partililer, bas\u0131n a\u00e7\u0131klamas\u0131n\u0131n ard\u0131ndan Mu\u011fla Adliyesi&#x27;ne do\u011fru y\u00fcr\u00fcd\u00fc. Protesto s\u0131ras\u0131nda s\u0131k\u0131lan biber gaz\u0131ndan etkilenen Marmaris Belediye Ba\u015fkan\u0131 Acar \u00dcnl\u00fc, iddiaya g\u00f6re, polis kalkan\u0131na yumruk atarak ba\u011f\u0131rd\u0131. Mu\u011fla Adliyesi \u00f6n\u00fcnde ya\u015fanan olaylara ili\u015fkin Cumhuriyet Ba\u015fsavc\u0131l\u0131\u011f\u0131 taraf\u0131ndan y\u00fcr\u00fct\u00fclen soru\u015fturma kapsam\u0131nda, Acar \u00dcnl\u00fc ile birlikte 10 ki\u015fi hakk\u0131nda &#x27;toplant\u0131 ve g\u00f6steri y\u00fcr\u00fcy\u00fc\u015fleri kanunu&#x27;na muhalefet&#x27; su\u00e7undan dava a\u00e7\u0131ld\u0131.<\/p>\n<p>Mu\u011fla 2. Asliye Ceza Mahkemesi&#x27;nde g\u00f6r\u00fclen karar duru\u015fmas\u0131na tutuksuz yarg\u0131lanan san\u0131klar kat\u0131ld\u0131. Mahkeme heyeti, san\u0131klara 5\u2019er ay hapis cezas\u0131 verdi. Mahkeme, h\u00fckm\u00fcn a\u00e7\u0131klanmas\u0131n\u0131n geri b\u0131rak\u0131lmas\u0131na karar verdi.<\/p>\n<p>T\u00fcrkiye g\u00fcndeminden son dakika haberleri, bug\u00fcn ya\u015fanan en son geli\u015fmeler, siyaset g\u00fcndeminden g\u00fcncel haberler ve b\u00fct\u00fcn son dakika haberleri i\u00e7in H\u00fcrriyet&#x27;in internet haber sitesi hurriyet.com.tr; Hurriyet.com.tr haber i\u00e7erikleri kaynak g\u00f6sterilmeden al\u0131nt\u0131 yap\u0131lamaz, Kanuna ayk\u0131r\u0131 ve izinsiz olarak kopyalanamaz, ba\u015fka yerde&#8230;<\/p>\n","protected":false},"excerpt":{"rendered":"<p>\u0130stanbul B\u00fcy\u00fck\u015fehir Belediyesi&#8217;ne y\u00f6nelik y\u00fcr\u00fct\u00fclen yolsuzluk soru\u015fturmas\u0131 kapsam\u0131nda Ekrem \u0130mamo\u011flu&#8217;nun g\u00f6zalt\u0131na al\u0131nmas\u0131n\u0131 protesto etmek amac\u0131yla&#8230;<\/p>\n","protected":false},"author":2,"featured_media":30960,"comment_status":"open","ping_status":"open","sticky":false,"template":"","format":"standard","meta":{"footnotes":""},"categories":[6,5],"tags":[],"class_list":["post-30961","post","type-post","status-publish","format-standard","has-post-thumbnail","hentry","category-gundem","category-son-dakika"],"_links":{"self":[{"href":"https:\/\/eskigazeteci.com\/index.php?rest_route=\/wp\/v2\/posts\/30961","targetHints":{"allow":["GET"]}}],"collection":[{"href":"https:\/\/eskigazeteci.com\/index.php?rest_route=\/wp\/v2\/posts"}],"about":[{"href":"https:\/\/eskigazeteci.com\/index.php?rest_route=\/wp\/v2\/types\/post"}],"author":[{"embeddable":true,"href":"https:\/\/eskigazeteci.com\/index.php?rest_route=\/wp\/v2\/users\/2"}],"replies":[{"embeddable":true,"href":"https:\/\/eskigazeteci.com\/index.php?rest_route=%2Fwp%2Fv2%2Fcomments&post=30961"}],"version-history":[{"count":0,"href":"https:\/\/eskigazeteci.com\/index.php?rest_route=\/wp\/v2\/posts\/30961\/revisions"}],"wp:featuredmedia":[{"embeddable":true,"href":"https:\/\/eskigazeteci.com\/index.php?rest_route=\/wp\/v2\/media\/30960"}],"wp:attachment":[{"href":"https:\/\/eskigazeteci.com\/index.php?rest_route=%2Fwp%2Fv2%2Fmedia&parent=30961"}],"wp:term":[{"taxonomy":"category","embeddable":true,"href":"https:\/\/eskigazeteci.com\/index.php?rest_route=%2Fwp%2Fv2%2Fcategories&post=30961"},{"taxonomy":"post_tag","embeddable":true,"href":"https:\/\/eskigazeteci.com\/index.php?rest_route=%2Fwp%2Fv2%2Ftags&post=30961"}],"curies":[{"name":"wp","href":"https:\/\/api.w.org\/{rel}","templated":true}]}}