{"id":30959,"date":"2026-04-30T13:35:02","date_gmt":"2026-04-30T13:35:02","guid":{"rendered":"https:\/\/eskigazeteci.com\/?p=30959"},"modified":"2026-04-30T13:35:02","modified_gmt":"2026-04-30T13:35:02","slug":"mersinde-duygulandiran-goruntu-400-ogrenciden-arda-gulere-10-numara-davet","status":"publish","type":"post","link":"https:\/\/eskigazeteci.com\/?p=30959","title":{"rendered":"Mersin&#8217;de duyguland\u0131ran g\u00f6r\u00fcnt\u00fc: 400 \u00f6\u011frenciden Arda G\u00fcler\u2019e &#8217;10 numara&#8217; davet!"},"content":{"rendered":"<p>Tarsus &#x27;ta bulunan Pakize Bayraktar \u0130lkokulu \u00f6\u011frencileri, hayran\u0131 olduklar\u0131 milli futbolcu Arda G\u00fcler i\u00e7in unutulmaz bir etkinlik d\u00fczenledi.<\/p>\n<p>Okul bah\u00e7esini adeta bir stadyuma \u00e7eviren minikler, y\u0131ld\u0131z futbolcuya seslerini duyurabilmek i\u00e7in hep bir a\u011f\u0131zdan \u00e7a\u011fr\u0131da bulundu. Okul y\u00f6netimi ve \u00f6\u011fretmenlerin deste\u011fiyle organize edilen etkinlikte, yakla\u015f\u0131k 400 \u00f6\u011frenci okul bah\u00e7esinde topland\u0131. S\u0131rtlar\u0131nda &quot;10 numara&quot; ve &quot;Arda&quot; yaz\u0131l\u0131 milli formalar\u0131 giyen \u00f6\u011frenciler, renkli g\u00f6r\u00fcnt\u00fcler olu\u015fturdu.<\/p>\n<p>&quot;ARDA AB\u0130 OKULUMUZA GEL&quot;<\/p>\n<p>Etkinlik s\u0131ras\u0131nda heyecanlar\u0131 g\u00f6zlerinden okunan minik \u00f6\u011frenciler, hep bir a\u011f\u0131zdan &quot;Arda abi okulumuza gel&quot; sloganlar\u0131 atarak, milli futbolcuya olan sevgilerini dile getirdi.<\/p>\n<p>T\u00fcrkiye&#x27;den ve D\u00fcnya\u2019dan son dakika haberleri, k\u00f6\u015fe yaz\u0131lar\u0131, magazinden siyasete, spordan seyahate b\u00fct\u00fcn konular\u0131n tek adresi Hurriyet.com.tr haber i\u00e7erikleri izin al\u0131nmadan, kaynak g\u00f6sterilerek dahi iktibas edilemez. Kanuna ayk\u0131r\u0131 ve izinsiz olarak kopyalanamaz, ba\u015fka yerde yay\u0131nlanamaz.<\/p>\n","protected":false},"excerpt":{"rendered":"<p>Mersin&#8217;in Tarsus il\u00e7esindeki bir ilkokulda yakla\u015f\u0131k 400 \u00f6\u011frenci, s\u0131rtlar\u0131nda Arda yaz\u0131l\u0131 10 numaral\u0131 milli formalar\u0131yla, Real Madrid&#8217;de top ko\u015fturan y\u0131ld\u0131z&#8230;<\/p>\n","protected":false},"author":2,"featured_media":30958,"comment_status":"open","ping_status":"open","sticky":false,"template":"","format":"standard","meta":{"footnotes":""},"categories":[5,7],"tags":[],"class_list":["post-30959","post","type-post","status-publish","format-standard","has-post-thumbnail","hentry","category-son-dakika","category-spor"],"_links":{"self":[{"href":"https:\/\/eskigazeteci.com\/index.php?rest_route=\/wp\/v2\/posts\/30959","targetHints":{"allow":["GET"]}}],"collection":[{"href":"https:\/\/eskigazeteci.com\/index.php?rest_route=\/wp\/v2\/posts"}],"about":[{"href":"https:\/\/eskigazeteci.com\/index.php?rest_route=\/wp\/v2\/types\/post"}],"author":[{"embeddable":true,"href":"https:\/\/eskigazeteci.com\/index.php?rest_route=\/wp\/v2\/users\/2"}],"replies":[{"embeddable":true,"href":"https:\/\/eskigazeteci.com\/index.php?rest_route=%2Fwp%2Fv2%2Fcomments&post=30959"}],"version-history":[{"count":0,"href":"https:\/\/eskigazeteci.com\/index.php?rest_route=\/wp\/v2\/posts\/30959\/revisions"}],"wp:featuredmedia":[{"embeddable":true,"href":"https:\/\/eskigazeteci.com\/index.php?rest_route=\/wp\/v2\/media\/30958"}],"wp:attachment":[{"href":"https:\/\/eskigazeteci.com\/index.php?rest_route=%2Fwp%2Fv2%2Fmedia&parent=30959"}],"wp:term":[{"taxonomy":"category","embeddable":true,"href":"https:\/\/eskigazeteci.com\/index.php?rest_route=%2Fwp%2Fv2%2Fcategories&post=30959"},{"taxonomy":"post_tag","embeddable":true,"href":"https:\/\/eskigazeteci.com\/index.php?rest_route=%2Fwp%2Fv2%2Ftags&post=30959"}],"curies":[{"name":"wp","href":"https:\/\/api.w.org\/{rel}","templated":true}]}}