{"id":30957,"date":"2026-04-30T13:29:29","date_gmt":"2026-04-30T13:29:29","guid":{"rendered":"https:\/\/eskigazeteci.com\/?p=30957"},"modified":"2026-04-30T13:29:29","modified_gmt":"2026-04-30T13:29:29","slug":"erdogan-ve-bahceli-cumhuriyetin-geceki-ittifak-gunu","status":"publish","type":"post","link":"https:\/\/eskigazeteci.com\/?p=30957","title":{"rendered":"Erdo\u011fan ve Bah\u00e7eli, Cumhuriyetin Geceki \u0130ttifak G\u00fcn\u00fc"},"content":{"rendered":"<p>Erdo\u011fan ve Bah\u00e7eli, Cumhuriyetin Geceki \u0130ttifak G\u00fcn\u00fc saat 17.30 Cumhuriyeti K\u00fclliyesi&#x27;nde g\u00f6r\u00fc\u015fecek.<\/p>\n","protected":false},"excerpt":{"rendered":"<p>Cumhurba\u015fkan\u0131 Recep Tayyip Erdo\u011fan ile MHP Genel Ba\u015fkan\u0131 Devlet Bah\u00e7eli, saat 17.30&#8217;da Cumhuriyeti K\u00fclliyesi&#8217;nde g\u00f6r\u00fc\u015fecek.<\/p>\n","protected":false},"author":2,"featured_media":30956,"comment_status":"open","ping_status":"open","sticky":false,"template":"","format":"standard","meta":{"footnotes":""},"categories":[6,5],"tags":[],"class_list":["post-30957","post","type-post","status-publish","format-standard","has-post-thumbnail","hentry","category-gundem","category-son-dakika"],"_links":{"self":[{"href":"https:\/\/eskigazeteci.com\/index.php?rest_route=\/wp\/v2\/posts\/30957","targetHints":{"allow":["GET"]}}],"collection":[{"href":"https:\/\/eskigazeteci.com\/index.php?rest_route=\/wp\/v2\/posts"}],"about":[{"href":"https:\/\/eskigazeteci.com\/index.php?rest_route=\/wp\/v2\/types\/post"}],"author":[{"embeddable":true,"href":"https:\/\/eskigazeteci.com\/index.php?rest_route=\/wp\/v2\/users\/2"}],"replies":[{"embeddable":true,"href":"https:\/\/eskigazeteci.com\/index.php?rest_route=%2Fwp%2Fv2%2Fcomments&post=30957"}],"version-history":[{"count":0,"href":"https:\/\/eskigazeteci.com\/index.php?rest_route=\/wp\/v2\/posts\/30957\/revisions"}],"wp:featuredmedia":[{"embeddable":true,"href":"https:\/\/eskigazeteci.com\/index.php?rest_route=\/wp\/v2\/media\/30956"}],"wp:attachment":[{"href":"https:\/\/eskigazeteci.com\/index.php?rest_route=%2Fwp%2Fv2%2Fmedia&parent=30957"}],"wp:term":[{"taxonomy":"category","embeddable":true,"href":"https:\/\/eskigazeteci.com\/index.php?rest_route=%2Fwp%2Fv2%2Fcategories&post=30957"},{"taxonomy":"post_tag","embeddable":true,"href":"https:\/\/eskigazeteci.com\/index.php?rest_route=%2Fwp%2Fv2%2Ftags&post=30957"}],"curies":[{"name":"wp","href":"https:\/\/api.w.org\/{rel}","templated":true}]}}