{"id":30953,"date":"2026-04-30T13:26:34","date_gmt":"2026-04-30T13:26:34","guid":{"rendered":"https:\/\/eskigazeteci.com\/?p=30953"},"modified":"2026-04-30T13:26:34","modified_gmt":"2026-04-30T13:26:34","slug":"mugladaki-vahset-esini-yemek-yapmadigi-gerekcesiyle-doverek-olduren-saniga-14-yil-hapis-cezasi","status":"publish","type":"post","link":"https:\/\/eskigazeteci.com\/?p=30953","title":{"rendered":"Mu\u011fla&#8217;daki vah\u015fet! E\u015fini yemek yapmad\u0131\u011f\u0131 gerek\u00e7esiyle d\u00f6verek \u00f6ld\u00fcren san\u0131\u011fa 14 y\u0131l hapis cezas\u0131"},"content":{"rendered":"<p>Olay, 21 Ocak 2025&#x27;te saat 19.30 s\u0131ralar\u0131nda, K\u00f6yce\u011fiz&#x27;in Beyobas\u0131 Mahallesi&#x27;nde meydana geldi. Yunus Korkut, 112 Acil \u00c7a\u011fr\u0131 Merkezi&#x27;ni arayarak e\u015fi, 2 \u00e7ocuk annesi Ummuhan Korkut&#x27;un bay\u0131ld\u0131\u011f\u0131n\u0131 ve a\u011fz\u0131ndan k\u00f6p\u00fck geldi\u011fi ihbar\u0131nda bulundu. Sa\u011fl\u0131k g\u00f6revlileri taraf\u0131ndan K\u00f6yce\u011fiz Devlet Hastanesi&#x27;ne kald\u0131r\u0131lan Korkut, durumu a\u011f\u0131rla\u015f\u0131nca Mu\u011fla E\u011fitim ve Ara\u015ft\u0131rma Hastanesi&#x27;ne sevk edildi. Tetkiklerde v\u00fccudunda morluklar tespit edilen ve beyin kanamas\u0131 ge\u00e7irdi\u011fi belirlenen Ummuhan Korkut, beyin ameliyat\u0131 sonras\u0131 yo\u011fun bak\u0131ma al\u0131nd\u0131.<\/p>\n<p>G\u00d6ZALTINA ALINIP TUTUKLANDI<\/p>\n<p>Cumhuriyet Ba\u015fsavc\u0131l\u0131\u011f\u0131&#x27;n\u0131n talimat\u0131yla jandarma taraf\u0131ndan g\u00f6zalt\u0131na al\u0131nan Yunus Korkut, i\u015flemlerin ard\u0131ndan sevk edildi\u011fi adliyede tutukland\u0131. Ummuhan Korkut , tedavi g\u00f6rd\u00fc\u011f\u00fc hastanede 1 hafta sonra hayat\u0131n\u0131 kaybetti. Korkut&#x27;un cenazesi, Mu\u011fla Adli T\u0131p Kurumu&#x27;ndaki otopsinin ard\u0131ndan K\u00f6yce\u011fiz il\u00e7esi Beyobas\u0131 Mahallesi&#x27;nde topra\u011fa verildi.<\/p>\n<p>KARAR VER\u0130LD\u0130<\/p>\n<p>Olayla ilgili soru\u015fturman\u0131n tamamlanmas\u0131n\u0131n ard\u0131ndan iddianame haz\u0131rland\u0131. San\u0131k Korkut hakk\u0131nda, &#x27;E\u015fe kar\u015f\u0131 kasten \u00f6ld\u00fcrmeye te\u015febb\u00fcs&#x27; su\u00e7undan dava a\u00e7\u0131ld\u0131. Davan\u0131n karar duru\u015fmas\u0131, Mu\u011fla 1&#x27;inci A\u011f\u0131r Ceza Mahkemesi&#x27;nde bug\u00fcn g\u00f6r\u00fcld\u00fc. Duru\u015fmada Korkut&#x27;un yak\u0131nlar\u0131 ve&#8230;<\/p>\n","protected":false},"excerpt":{"rendered":"<p>Mu\u011fla&#8217;n\u0131n K\u00f6yce\u011fiz il\u00e7esinde 25 ya\u015f\u0131ndaki e\u015fi Ummuhan Korkut&#8217;u yemek yapmad\u0131\u011f\u0131 gerek\u00e7esiyle d\u00f6v\u00fcp \u00f6l\u00fcm\u00fcne neden oldu\u011fu \u00f6ne s\u00fcr\u00fclen Yunus Korkut (34), &#8216;E\u015fe&#8230;<\/p>\n","protected":false},"author":2,"featured_media":30952,"comment_status":"open","ping_status":"open","sticky":false,"template":"","format":"standard","meta":{"footnotes":""},"categories":[6,5],"tags":[],"class_list":["post-30953","post","type-post","status-publish","format-standard","has-post-thumbnail","hentry","category-gundem","category-son-dakika"],"_links":{"self":[{"href":"https:\/\/eskigazeteci.com\/index.php?rest_route=\/wp\/v2\/posts\/30953","targetHints":{"allow":["GET"]}}],"collection":[{"href":"https:\/\/eskigazeteci.com\/index.php?rest_route=\/wp\/v2\/posts"}],"about":[{"href":"https:\/\/eskigazeteci.com\/index.php?rest_route=\/wp\/v2\/types\/post"}],"author":[{"embeddable":true,"href":"https:\/\/eskigazeteci.com\/index.php?rest_route=\/wp\/v2\/users\/2"}],"replies":[{"embeddable":true,"href":"https:\/\/eskigazeteci.com\/index.php?rest_route=%2Fwp%2Fv2%2Fcomments&post=30953"}],"version-history":[{"count":0,"href":"https:\/\/eskigazeteci.com\/index.php?rest_route=\/wp\/v2\/posts\/30953\/revisions"}],"wp:featuredmedia":[{"embeddable":true,"href":"https:\/\/eskigazeteci.com\/index.php?rest_route=\/wp\/v2\/media\/30952"}],"wp:attachment":[{"href":"https:\/\/eskigazeteci.com\/index.php?rest_route=%2Fwp%2Fv2%2Fmedia&parent=30953"}],"wp:term":[{"taxonomy":"category","embeddable":true,"href":"https:\/\/eskigazeteci.com\/index.php?rest_route=%2Fwp%2Fv2%2Fcategories&post=30953"},{"taxonomy":"post_tag","embeddable":true,"href":"https:\/\/eskigazeteci.com\/index.php?rest_route=%2Fwp%2Fv2%2Ftags&post=30953"}],"curies":[{"name":"wp","href":"https:\/\/api.w.org\/{rel}","templated":true}]}}