{"id":30951,"date":"2026-04-30T13:25:01","date_gmt":"2026-04-30T13:25:01","guid":{"rendered":"https:\/\/eskigazeteci.com\/?p=30951"},"modified":"2026-04-30T13:25:01","modified_gmt":"2026-04-30T13:25:01","slug":"kotu-hastalik-teshisi-aldigi-gun-unlu-kocasina-vasiyet-etti-olursem-eger-once-cok-uzul-sonra-bir-parti-ver-herkes-beni-neseyle-hatirlasin","status":"publish","type":"post","link":"https:\/\/eskigazeteci.com\/?p=30951","title":{"rendered":"K\u00f6t\u00fc hastal\u0131k te\u015fhisi ald\u0131\u011f\u0131 g\u00fcn \u00fcnl\u00fc kocas\u0131na vasiyet etti: \u00d6l\u00fcrsem e\u011fer \u00f6nce \u00e7ok \u00fcz\u00fcl, sonra bir parti ver&#8230; Herkes beni ne\u015feyle hat\u0131rlas\u0131n!"},"content":{"rendered":"<p>Tabii ki bu \u00fcnl\u00fc \u00e7iftin evlili\u011fi devam ediyor. Sa\u00e7lar\u0131n\u0131 ayn\u0131 \u00e7at\u0131 alt\u0131nda, bir yast\u0131kta a\u011fart\u0131yorlar, iyi ya da k\u00f6t\u00fc hayat ne getirirse birlikte g\u00f6\u011f\u00fcsl\u00fcyorlar.<\/p>\n<p>\u0130\u015fte \u00fcnl\u00fc oyuncu, kendisi gibi \u00fcnl\u00fc kocas\u0131yla atlatt\u0131klar\u0131 zor zamanlardan birinde neler olup bitti\u011fini bir etkinlikte anlatt\u0131.<\/p>\n<p>Bu ilgin\u00e7 \u00f6yk\u00fcn\u00fcn kahramanlar\u0131 Tom Hanks ile kar\u0131s\u0131 Rita Wilson. 1988 y\u0131l\u0131nda hayatlar\u0131n\u0131 birle\u015ftirdi \u00e7ift. \u00d6ncesinde Hanks, Samantha Lewes ile bir evlilik yapm\u0131\u015f ama uzun \u00f6m\u00fcrl\u00fc olmam\u0131\u015ft\u0131.<\/p>\n<p>Ondan bo\u015fand\u0131ktan sonra Rita Wilson ile evlendi. \u00c7iftin evlili\u011fi uyumlu bir \u015fekilde s\u00fcr\u00fcyor.<\/p>\n<p>&#x27;SENDEN \u00d6NCE \u00d6L\u00dcRSEM \u00c7OK UZUN S\u00dcRE \u00c7OK \u00dcZG\u00dcN OLMALISIN&#x27; 69 ya\u015f\u0131ndaki Wilson, ge\u00e7ti\u011fimiz g\u00fcnlerde New York&#x27;ta ger\u00e7ekle\u015fen &quot;Kad\u0131n\u0131n Sesi: Rita Wilson ile S\u00f6yle\u015fi&quot; adl\u0131 etkinlikte meslekta\u015f\u0131 Demi Moore ile sohbet etti.<\/p>\n<p>Orada da 10 y\u0131l \u00f6nce meme kanseri te\u015fhisi ald\u0131\u011f\u0131 d\u00f6nemde Tom Hanks ile ya\u015fad\u0131klar\u0131n\u0131 anlatt\u0131.<\/p>\n<p>Wilson, \u00e7ift tarafl\u0131 mastektomi (iki memenin al\u0131nmas\u0131) ve rekonstr\u00fcktif cerrahi i\u00e7in b\u0131\u00e7ak alt\u0131na yatt\u0131.<\/p>\n<p>Hastal\u0131\u011f\u0131n\u0131 da yendi yenmesine ama o zor g\u00fcnlerde Tom Hanks ile aralar\u0131nda \u00e7ok \u00f6zel bir konu\u015fma ge\u00e7ti.<\/p>\n<p>Rita Wilson ya\u015fad\u0131klar\u0131n\u0131 Demi Moore ile birlikte kat\u0131ld\u0131\u011f\u0131 etkinlikte anlatt\u0131.<\/p>\n<p>SONRA ONURUNA NE\u015eEL\u0130&#8230;<\/p>\n","protected":false},"excerpt":{"rendered":"<p>Onlar Hollywood&#8217;un en uzun s\u00fcre evli kalan \u00e7iftlerinden&#8230; Bunu vurgulad\u0131k, \u00e7\u00fcnk\u00fc, p\u0131r\u0131lt\u0131l\u0131 d\u00fcnyada onlar gibi 38 y\u0131l evli kalmay\u0131 ba\u015faranlar\u0131n say\u0131s\u0131 fazla&#8230;<\/p>\n","protected":false},"author":2,"featured_media":30950,"comment_status":"open","ping_status":"open","sticky":false,"template":"","format":"standard","meta":{"footnotes":""},"categories":[6,5],"tags":[],"class_list":["post-30951","post","type-post","status-publish","format-standard","has-post-thumbnail","hentry","category-gundem","category-son-dakika"],"_links":{"self":[{"href":"https:\/\/eskigazeteci.com\/index.php?rest_route=\/wp\/v2\/posts\/30951","targetHints":{"allow":["GET"]}}],"collection":[{"href":"https:\/\/eskigazeteci.com\/index.php?rest_route=\/wp\/v2\/posts"}],"about":[{"href":"https:\/\/eskigazeteci.com\/index.php?rest_route=\/wp\/v2\/types\/post"}],"author":[{"embeddable":true,"href":"https:\/\/eskigazeteci.com\/index.php?rest_route=\/wp\/v2\/users\/2"}],"replies":[{"embeddable":true,"href":"https:\/\/eskigazeteci.com\/index.php?rest_route=%2Fwp%2Fv2%2Fcomments&post=30951"}],"version-history":[{"count":0,"href":"https:\/\/eskigazeteci.com\/index.php?rest_route=\/wp\/v2\/posts\/30951\/revisions"}],"wp:featuredmedia":[{"embeddable":true,"href":"https:\/\/eskigazeteci.com\/index.php?rest_route=\/wp\/v2\/media\/30950"}],"wp:attachment":[{"href":"https:\/\/eskigazeteci.com\/index.php?rest_route=%2Fwp%2Fv2%2Fmedia&parent=30951"}],"wp:term":[{"taxonomy":"category","embeddable":true,"href":"https:\/\/eskigazeteci.com\/index.php?rest_route=%2Fwp%2Fv2%2Fcategories&post=30951"},{"taxonomy":"post_tag","embeddable":true,"href":"https:\/\/eskigazeteci.com\/index.php?rest_route=%2Fwp%2Fv2%2Ftags&post=30951"}],"curies":[{"name":"wp","href":"https:\/\/api.w.org\/{rel}","templated":true}]}}