{"id":30943,"date":"2026-04-30T13:05:04","date_gmt":"2026-04-30T13:05:04","guid":{"rendered":"https:\/\/eskigazeteci.com\/?p=30943"},"modified":"2026-04-30T13:05:04","modified_gmt":"2026-04-30T13:05:04","slug":"mac-programi-30-nisan-2026","status":"publish","type":"post","link":"https:\/\/eskigazeteci.com\/?p=30943","title":{"rendered":"Ma\u00e7 program\u0131 30 Nisan 2026"},"content":{"rendered":"<p>Bug\u00fcn hangi ma\u00e7lar var? sorusu 30 Nisan ma\u00e7 program\u0131 ile yan\u0131t buldu. Avrupa futbolunun kul\u00fcpler d\u00fczeyindeki en \u00f6nemli organizasyonlar\u0131ndan olan Avrupa Ligi ve Konferans Ligi, bu ak\u015fam yar\u0131 final ilk ma\u00e7lar\u0131na sahne olacak. Nottingham Forest&#x27;tan Crystal Palace&#x27;a, Braga&#x27;dan Freiburg&#x27;a kadar bir\u00e7ok \u00f6nemli tak\u0131m\u0131n ter d\u00f6kece\u011fi bu \u00f6zel ak\u015famda, futbolseverler ekran ba\u015f\u0131na kilitlenmeye haz\u0131rlan\u0131yor. \u0130\u015fte 30 Nisan 2026 Per\u015fembe g\u00fcn\u00fc ma\u00e7 program\u0131 ve saatleri!<\/p>\n<p>Bug\u00fcn hangi ma\u00e7lar var? sorusu 30 Nisan ma\u00e7 program\u0131 ile yan\u0131t buldu. Avrupa futbolunun kul\u00fcpler d\u00fczeyindeki en \u00f6nemli organizasyonlar\u0131ndan olan Avrupa Ligi ve Konferans Ligi, bu ak\u015fam yar\u0131 final ilk ma\u00e7lar\u0131na sahne olacak. Nottingham Forest&#x27;tan Crystal Palace&#x27;a, Braga&#x27;dan Freiburg&#x27;a kadar bir\u00e7ok \u00f6nemli tak\u0131m\u0131n ter d\u00f6kece\u011fi bu \u00f6zel ak\u015famda, futbolseverler ekran ba\u015f\u0131na kilitlenmeye haz\u0131rlan\u0131yor. \u0130\u015fte 30 Nisan 2026 Per\u015fembe g\u00fcn\u00fc ma\u00e7 program\u0131 ve saatleri!<\/p>\n<p>UEFA Avrupa Ligi &#8211; Yar\u0131 Final 22:00 Sporting Braga-Freiburg (TRT Tabii Spor 1) 22:00 Nottingham Forest-Aston Villa (TRT Spor)<\/p>\n<p>UEFA Avrupa Ligi &#8211; Yar\u0131 Final<\/p>\n<p>22:00 Sporting Braga-Freiburg (TRT Tabii Spor 1)<\/p>\n<p>22:00 Nottingham Forest-Aston Villa (TRT Spor)<\/p>\n<p>UEFA Konferans Ligi &#8211; Yar\u0131&#8230;<\/p>\n","protected":false},"excerpt":{"rendered":"<p>30 Nisan ma\u00e7 program\u0131 ve saatleri sporseverler taraf\u0131ndan takip ediliyor. Avrupa kupalar\u0131nda yar\u0131 final heyecan\u0131 zirve yaparken, 30 Nisan 2026 Per\u015fembe g\u00fcn\u00fc&#8230;<\/p>\n","protected":false},"author":2,"featured_media":30942,"comment_status":"open","ping_status":"open","sticky":false,"template":"","format":"standard","meta":{"footnotes":""},"categories":[5,7],"tags":[],"class_list":["post-30943","post","type-post","status-publish","format-standard","has-post-thumbnail","hentry","category-son-dakika","category-spor"],"_links":{"self":[{"href":"https:\/\/eskigazeteci.com\/index.php?rest_route=\/wp\/v2\/posts\/30943","targetHints":{"allow":["GET"]}}],"collection":[{"href":"https:\/\/eskigazeteci.com\/index.php?rest_route=\/wp\/v2\/posts"}],"about":[{"href":"https:\/\/eskigazeteci.com\/index.php?rest_route=\/wp\/v2\/types\/post"}],"author":[{"embeddable":true,"href":"https:\/\/eskigazeteci.com\/index.php?rest_route=\/wp\/v2\/users\/2"}],"replies":[{"embeddable":true,"href":"https:\/\/eskigazeteci.com\/index.php?rest_route=%2Fwp%2Fv2%2Fcomments&post=30943"}],"version-history":[{"count":0,"href":"https:\/\/eskigazeteci.com\/index.php?rest_route=\/wp\/v2\/posts\/30943\/revisions"}],"wp:featuredmedia":[{"embeddable":true,"href":"https:\/\/eskigazeteci.com\/index.php?rest_route=\/wp\/v2\/media\/30942"}],"wp:attachment":[{"href":"https:\/\/eskigazeteci.com\/index.php?rest_route=%2Fwp%2Fv2%2Fmedia&parent=30943"}],"wp:term":[{"taxonomy":"category","embeddable":true,"href":"https:\/\/eskigazeteci.com\/index.php?rest_route=%2Fwp%2Fv2%2Fcategories&post=30943"},{"taxonomy":"post_tag","embeddable":true,"href":"https:\/\/eskigazeteci.com\/index.php?rest_route=%2Fwp%2Fv2%2Ftags&post=30943"}],"curies":[{"name":"wp","href":"https:\/\/api.w.org\/{rel}","templated":true}]}}