{"id":30937,"date":"2026-04-30T12:48:02","date_gmt":"2026-04-30T12:48:02","guid":{"rendered":"https:\/\/eskigazeteci.com\/?p=30937"},"modified":"2026-04-30T12:48:02","modified_gmt":"2026-04-30T12:48:02","slug":"kopeklerin-beyinleri-kuculuyor","status":"publish","type":"post","link":"https:\/\/eskigazeteci.com\/?p=30937","title":{"rendered":"K\u00f6peklerin beyinleri k\u00fc\u00e7\u00fcl\u00fcyor"},"content":{"rendered":"<p>Bilim insanlar\u0131n\u0131n yapt\u0131\u011f\u0131 yeni bir \u00e7al\u0131\u015fma, k\u00f6peklerin evrim s\u00fcrecine dair dikkat \u00e7eken bir detay\u0131 ortaya koydu. Ara\u015ft\u0131rmaya g\u00f6re k\u00f6peklerin beyinleri, kurt atalar\u0131na k\u0131yasla yakla\u015f\u0131k 5 bin y\u0131l \u00f6nce k\u00fc\u00e7\u00fclmeye ba\u015flad\u0131.<\/p>\n<p>French National Centre for Scientific Research b\u00fcnyesinde y\u00fcr\u00fct\u00fclen \u00e7al\u0131\u015fmada, tarih \u00f6ncesi ve modern k\u00f6peklerle kurtlar\u0131n kafataslar\u0131 incelendi. Elde edilen bulgular, modern k\u00f6peklerin beyinlerinin kurtlara g\u00f6re ortalama y\u00fczde 30\u2019dan fazla daha k\u00fc\u00e7\u00fck oldu\u011funu g\u00f6sterdi.<\/p>\n<p>EVC\u0130LLE\u015eME S\u00dcREC\u0130YLE BA\u011eLANTILI<\/p>\n<p>Ara\u015ft\u0131rmac\u0131lar, beyin k\u00fc\u00e7\u00fclmesinin evcille\u015ftirme s\u00fcrecinin bir par\u00e7as\u0131 olabilece\u011fini belirtiyor. Ancak bu durumun k\u00f6peklerin daha az zeki oldu\u011fu anlam\u0131na gelmedi\u011fi \u00f6zellikle vurgulan\u0131yor.<\/p>\n<p>\u00c7al\u0131\u015fman\u0131n ba\u015f yazar\u0131 Thomas Cucchi, k\u00f6peklerin ya\u015fam tarz\u0131n\u0131n zekalar\u0131n\u0131 kullanma bi\u00e7imini de\u011fi\u015ftirdi\u011fini belirterek, \u201cEvcille\u015ftirme onlar\u0131 aptalla\u015ft\u0131rmad\u0131, aksine insanlarla daha iyi ileti\u015fim kurabilen canl\u0131lar haline getirdi\u201d dedi.<\/p>\n<p>5 B\u0130N YIL \u00d6NCE BEL\u0130RG\u0130NLE\u015eT\u0130<\/p>\n<p>Ara\u015ft\u0131rmaya g\u00f6re, \u00f6zellikle Neolitik d\u00f6nemde ya\u015fayan k\u00f6peklerde beyin k\u00fc\u00e7\u00fclmesi daha belirgin hale geldi. Bu d\u00f6nemde k\u00f6peklerin beyinleri, ayn\u0131 d\u00f6nemdeki kurtlara g\u00f6re \u00e7ok daha k\u00fc\u00e7\u00fck \u00f6l\u00e7\u00fcld\u00fc.<\/p>\n<p>Buna kar\u015f\u0131l\u0131k, insanlarla&#8230;<\/p>\n","protected":false},"excerpt":{"rendered":"<p>Yeni ara\u015ft\u0131rmaya g\u00f6re k\u00f6peklerin beyinleri en az 5 bin y\u0131l \u00f6nce k\u00fc\u00e7\u00fclmeye ba\u015flad\u0131. Uzmanlar, bu durumun zeka kayb\u0131 de\u011fil, evcille\u015fmenin bir sonucu oldu\u011funu&#8230;<\/p>\n","protected":false},"author":2,"featured_media":30936,"comment_status":"open","ping_status":"open","sticky":false,"template":"","format":"standard","meta":{"footnotes":""},"categories":[6,5],"tags":[],"class_list":["post-30937","post","type-post","status-publish","format-standard","has-post-thumbnail","hentry","category-gundem","category-son-dakika"],"_links":{"self":[{"href":"https:\/\/eskigazeteci.com\/index.php?rest_route=\/wp\/v2\/posts\/30937","targetHints":{"allow":["GET"]}}],"collection":[{"href":"https:\/\/eskigazeteci.com\/index.php?rest_route=\/wp\/v2\/posts"}],"about":[{"href":"https:\/\/eskigazeteci.com\/index.php?rest_route=\/wp\/v2\/types\/post"}],"author":[{"embeddable":true,"href":"https:\/\/eskigazeteci.com\/index.php?rest_route=\/wp\/v2\/users\/2"}],"replies":[{"embeddable":true,"href":"https:\/\/eskigazeteci.com\/index.php?rest_route=%2Fwp%2Fv2%2Fcomments&post=30937"}],"version-history":[{"count":0,"href":"https:\/\/eskigazeteci.com\/index.php?rest_route=\/wp\/v2\/posts\/30937\/revisions"}],"wp:featuredmedia":[{"embeddable":true,"href":"https:\/\/eskigazeteci.com\/index.php?rest_route=\/wp\/v2\/media\/30936"}],"wp:attachment":[{"href":"https:\/\/eskigazeteci.com\/index.php?rest_route=%2Fwp%2Fv2%2Fmedia&parent=30937"}],"wp:term":[{"taxonomy":"category","embeddable":true,"href":"https:\/\/eskigazeteci.com\/index.php?rest_route=%2Fwp%2Fv2%2Fcategories&post=30937"},{"taxonomy":"post_tag","embeddable":true,"href":"https:\/\/eskigazeteci.com\/index.php?rest_route=%2Fwp%2Fv2%2Ftags&post=30937"}],"curies":[{"name":"wp","href":"https:\/\/api.w.org\/{rel}","templated":true}]}}