{"id":30929,"date":"2026-04-30T12:35:02","date_gmt":"2026-04-30T12:35:02","guid":{"rendered":"https:\/\/eskigazeteci.com\/?p=30929"},"modified":"2026-04-30T12:35:02","modified_gmt":"2026-04-30T12:35:02","slug":"insanlik-tarihine-yeni-sayfa-karahantepeden-ortaya-cikan-gercekler","status":"publish","type":"post","link":"https:\/\/eskigazeteci.com\/?p=30929","title":{"rendered":"\u0130nsanl\u0131k tarihine yeni sayfa: Karahantepe\u2019den ortaya \u00e7\u0131kan ger\u00e7ekler"},"content":{"rendered":"<p>T\u00fcrkiye K\u00fclt\u00fcr Yolu Festivali\u2019nin bu y\u0131lki ilk dura\u011f\u0131 olan \u015eanl\u0131urfa K\u00fclt\u00fcr Yolu Festivali, \u015eanl\u0131urfa M\u00fczesi bah\u00e7esinde d\u00fczenlenen t\u00f6renle ba\u015flad\u0131. K\u00fclt\u00fcr ve Turizm Bakanl\u0131\u011f\u0131 taraf\u0131ndan T\u00fcrkiye\u2019nin yedi b\u00f6lgesinde, yirmi alt\u0131 \u015fehirde hayata ge\u00e7irilen festival, \u015eanl\u0131urfa\u2019da dokuz g\u00fcn boyunca \u00e7ok y\u00f6nl\u00fc bir k\u00fclt\u00fcr-sanat program\u0131 sunuyor.<\/p>\n<p>KARAHANTEPE\u2019DE D\u0130KKAT \u00c7EKEN BULGULAR<\/p>\n<p>Festival kapsam\u0131nda Karahantepe\u2019de ger\u00e7ekle\u015ftirdi\u011fimiz r\u00f6portajlarda, b\u00f6lgenin bilinmeyenlerine dair \u00f6nemli veriler payla\u015f\u0131ld\u0131. Ta\u015f Tepeler Koordinat\u00f6r\u00fc ve Karahantepe Kaz\u0131 Ba\u015fkan\u0131 Prof. Dr. Necmi Karul, y\u00fcr\u00fct\u00fclen arkeozoolojik \u00e7al\u0131\u015fmalarda yakla\u015f\u0131k 14 bin hayvan kemi\u011fi par\u00e7as\u0131 bulundu\u011funu, bunlar\u0131n \u00f6nemli bir k\u0131sm\u0131n\u0131n analiz edildi\u011fini s\u00f6yledi. Karul, elde edilen sonu\u00e7lara g\u00f6re Karahantepe\u2019de t\u00fcketilen hayvanlar\u0131n yakla\u015f\u0131k y\u00fczde 60\u2019\u0131n\u0131 ceylanlar\u0131n olu\u015fturdu\u011funu belirtti.<\/p>\n<p>Bu verinin, b\u00f6lgede tespit edilen avlak alanlar\u0131 ve av tuzaklar\u0131n\u0131 anlamland\u0131rd\u0131\u011f\u0131n\u0131 ifade eden Karul, Ta\u015f Tepeler projesiyle birlikte farkl\u0131 yerle\u015fimlerden elde edilen verilerin kar\u015f\u0131la\u015ft\u0131r\u0131labildi\u011fini vurgulad\u0131.<\/p>\n<p>G\u00d6BEKL\u0130TEPE \u0130LE FARKI NE?<\/p>\n<p>Karahantepe ile G\u00f6beklitepe aras\u0131nda dikkat \u00e7eken farklara da de\u011finen Karul, G\u00f6beklitepe\u2019de hayvan&#8230;<\/p>\n","protected":false},"excerpt":{"rendered":"<p>\u015eanl\u0131urfa\u2019da y\u00fcr\u00fct\u00fclen kaz\u0131lar, insanl\u0131k tarihine dair bilinenleri yeniden tart\u0131\u015fmaya a\u00e7arken, Karahantepe\u2019de, Ta\u015f Tepeler Koordinat\u00f6r\u00fc ve Karahantepe Kaz\u0131&#8230;<\/p>\n","protected":false},"author":2,"featured_media":30928,"comment_status":"open","ping_status":"open","sticky":false,"template":"","format":"standard","meta":{"footnotes":""},"categories":[6,5],"tags":[],"class_list":["post-30929","post","type-post","status-publish","format-standard","has-post-thumbnail","hentry","category-gundem","category-son-dakika"],"_links":{"self":[{"href":"https:\/\/eskigazeteci.com\/index.php?rest_route=\/wp\/v2\/posts\/30929","targetHints":{"allow":["GET"]}}],"collection":[{"href":"https:\/\/eskigazeteci.com\/index.php?rest_route=\/wp\/v2\/posts"}],"about":[{"href":"https:\/\/eskigazeteci.com\/index.php?rest_route=\/wp\/v2\/types\/post"}],"author":[{"embeddable":true,"href":"https:\/\/eskigazeteci.com\/index.php?rest_route=\/wp\/v2\/users\/2"}],"replies":[{"embeddable":true,"href":"https:\/\/eskigazeteci.com\/index.php?rest_route=%2Fwp%2Fv2%2Fcomments&post=30929"}],"version-history":[{"count":0,"href":"https:\/\/eskigazeteci.com\/index.php?rest_route=\/wp\/v2\/posts\/30929\/revisions"}],"wp:featuredmedia":[{"embeddable":true,"href":"https:\/\/eskigazeteci.com\/index.php?rest_route=\/wp\/v2\/media\/30928"}],"wp:attachment":[{"href":"https:\/\/eskigazeteci.com\/index.php?rest_route=%2Fwp%2Fv2%2Fmedia&parent=30929"}],"wp:term":[{"taxonomy":"category","embeddable":true,"href":"https:\/\/eskigazeteci.com\/index.php?rest_route=%2Fwp%2Fv2%2Fcategories&post=30929"},{"taxonomy":"post_tag","embeddable":true,"href":"https:\/\/eskigazeteci.com\/index.php?rest_route=%2Fwp%2Fv2%2Ftags&post=30929"}],"curies":[{"name":"wp","href":"https:\/\/api.w.org\/{rel}","templated":true}]}}