{"id":30927,"date":"2026-04-30T12:29:38","date_gmt":"2026-04-30T12:29:38","guid":{"rendered":"https:\/\/eskigazeteci.com\/?p=30927"},"modified":"2026-04-30T12:29:38","modified_gmt":"2026-04-30T12:29:38","slug":"disisleri-bakani-hakan-fidan-turkiyede-duzenlenecek-nato-zirvesinin-konu-basliklarini-acikladi","status":"publish","type":"post","link":"https:\/\/eskigazeteci.com\/?p=30927","title":{"rendered":"D\u0131\u015fi\u015fleri Bakan\u0131 Hakan Fidan, T\u00fcrkiye&#8217;de d\u00fczenlenecek NATO Zirvesi&#8217;nin konu ba\u015fl\u0131klar\u0131n\u0131 a\u00e7\u0131klad\u0131"},"content":{"rendered":"<p>Fidan, Avusturya&#x27;ya resmi ziyareti kapsam\u0131nda, Viyana Diplomasi Akademisi&#x27;nde d\u00fcn d\u00fczenlenen konferansta a\u00e7\u0131klama yapt\u0131.<\/p>\n<p>D\u00fcnyadaki bir\u00e7ok cephede askeri taktik kapasitesinin daha h\u0131zl\u0131 ve hatas\u0131z hale geldi\u011fini dile getiren Fidan, &quot;Ne yaz\u0131k ki stratejik d\u00fc\u015f\u00fcnme i\u00e7in ayn\u0131 \u015fey s\u00f6ylenemiyor. G\u00fc\u00e7 ara\u00e7lar\u0131n\u0131n yo\u011fun bir \u015fekilde kullan\u0131ld\u0131\u011f\u0131 ancak siyasi nihai amac\u0131n belirsiz kald\u0131\u011f\u0131 durumlar\u0131 giderek daha s\u0131k g\u00f6r\u00fcyoruz. Bug\u00fcn, uzun vadeli stratejik ufuktan yoksun m\u00fcdahalelere ve tutars\u0131z siyasi hedeflere y\u00f6nlendirilmi\u015f g\u00fc\u00e7 projeksiyon kabiliyetlerine tan\u0131k oluyoruz.&quot; ifadelerini kulland\u0131.<\/p>\n<p>Fidan, Orta Do\u011fu&#x27;da ya\u015fananlar\u0131n s\u00f6ylediklerini do\u011frulayan \u00f6rneklerle dolu oldu\u011funu, bu d\u00f6nemi y\u00f6netmenin y\u00fck\u00fcml\u00fcl\u00fc\u011f\u00fcn\u00fcn diplomatlara d\u00fc\u015ft\u00fc\u011f\u00fcn\u00fc belirtti.<\/p>\n<p>Diplomatlar\u0131n \u00e7ok y\u00f6nl\u00fc olmas\u0131 gerekti\u011finden bahseden Fidan, &quot;2002 y\u0131l\u0131nda yurt d\u0131\u015f\u0131nda 163 diplomatik misyonumuz vard\u0131. Bug\u00fcn T\u00fcrkiye, d\u00fcnya genelinde 264 misyonuyla d\u00fcnyan\u0131n \u00fc\u00e7\u00fcnc\u00fc b\u00fcy\u00fck diplomatik a\u011f\u0131n\u0131 i\u015fletmektedir.&quot; diye konu\u015ftu.<\/p>\n<p>T\u00dcRK\u0130YE&#x27;N\u0130N BARI\u015e D\u0130PLOMAS\u0130S\u0130<\/p>\n<p>Fidan, T\u00fcrkiye&#x27;nin uluslararas\u0131 sistemdeki arabulucu rol\u00fcne i\u015faret ederek, bu rol\u00fc \u00fcstlenecek \u00fclkelere ihtiya\u00e7 duyuldu\u011funu kaydetti.<\/p>\n<p>Arabuluculu\u011fun \u00e7at\u0131\u015fmalar\u0131n her an\u0131nda aktif&#8230;<\/p>\n","protected":false},"excerpt":{"rendered":"<p>D\u0131\u015fi\u015fleri Bakan\u0131 Hakan Fidan, Transatlantik ba\u011flar\u0131 s\u00fcrd\u00fcrmenin T\u00fcrkiye i\u00e7in stratejik bir gereklilik oldu\u011funa dikkat \u00e7ekerek, Ankara&#8217;da d\u00fczenlenecek NATO&#8230;<\/p>\n","protected":false},"author":2,"featured_media":30926,"comment_status":"open","ping_status":"open","sticky":false,"template":"","format":"standard","meta":{"footnotes":""},"categories":[6,5],"tags":[],"class_list":["post-30927","post","type-post","status-publish","format-standard","has-post-thumbnail","hentry","category-gundem","category-son-dakika"],"_links":{"self":[{"href":"https:\/\/eskigazeteci.com\/index.php?rest_route=\/wp\/v2\/posts\/30927","targetHints":{"allow":["GET"]}}],"collection":[{"href":"https:\/\/eskigazeteci.com\/index.php?rest_route=\/wp\/v2\/posts"}],"about":[{"href":"https:\/\/eskigazeteci.com\/index.php?rest_route=\/wp\/v2\/types\/post"}],"author":[{"embeddable":true,"href":"https:\/\/eskigazeteci.com\/index.php?rest_route=\/wp\/v2\/users\/2"}],"replies":[{"embeddable":true,"href":"https:\/\/eskigazeteci.com\/index.php?rest_route=%2Fwp%2Fv2%2Fcomments&post=30927"}],"version-history":[{"count":0,"href":"https:\/\/eskigazeteci.com\/index.php?rest_route=\/wp\/v2\/posts\/30927\/revisions"}],"wp:featuredmedia":[{"embeddable":true,"href":"https:\/\/eskigazeteci.com\/index.php?rest_route=\/wp\/v2\/media\/30926"}],"wp:attachment":[{"href":"https:\/\/eskigazeteci.com\/index.php?rest_route=%2Fwp%2Fv2%2Fmedia&parent=30927"}],"wp:term":[{"taxonomy":"category","embeddable":true,"href":"https:\/\/eskigazeteci.com\/index.php?rest_route=%2Fwp%2Fv2%2Fcategories&post=30927"},{"taxonomy":"post_tag","embeddable":true,"href":"https:\/\/eskigazeteci.com\/index.php?rest_route=%2Fwp%2Fv2%2Ftags&post=30927"}],"curies":[{"name":"wp","href":"https:\/\/api.w.org\/{rel}","templated":true}]}}