{"id":30923,"date":"2026-04-30T12:26:31","date_gmt":"2026-04-30T12:26:31","guid":{"rendered":"https:\/\/eskigazeteci.com\/?p=30923"},"modified":"2026-04-30T12:26:31","modified_gmt":"2026-04-30T12:26:31","slug":"manchester-united-mainoonun-sozlesmeni-uzatti","status":"publish","type":"post","link":"https:\/\/eskigazeteci.com\/?p=30923","title":{"rendered":"Manchester United, Mainoo&#8217;nun s\u00f6zle\u015fmeni uzatt\u0131"},"content":{"rendered":"<p>Kul\u00fcb\u00fcn sosyal medya hesaplar\u0131ndan, 21 ya\u015f\u0131ndaki Gana as\u0131ll\u0131 \u0130ngiliz futbolcu i\u00e7in &quot;Bizden biri. Kobbie Mainoo , burada kalmaya devam edecek.&quot; notu payla\u015f\u0131ld\u0131.<\/p>\n<p>Bu sezon Premier Lig &#x27;de 24 ma\u00e7ta oynayan Mainoo, \u0130ngiltere Milli Tak\u0131m\u0131&#x27;nda ise 12 kez forma giydi.<\/p>\n<p>Gen\u00e7 futbolcunun, 2026 FIFA D\u00fcnya Kupas\u0131 &#x27;na kat\u0131lacak \u0130ngiltere&#x27;nin de kadrosunda yer almas\u0131 bekleniyor.<\/p>\n<p>T\u00fcrkiye&#x27;den ve D\u00fcnya\u2019dan son dakika haberleri, k\u00f6\u015fe yaz\u0131lar\u0131, magazinden siyasete, spordan seyahate b\u00fct\u00fcn konular\u0131n tek adresi Hurriyet.com.tr haber i\u00e7erikleri izin al\u0131nmadan, kaynak g\u00f6sterilerek dahi iktibas edilemez. Kanuna ayk\u0131r\u0131 ve izinsiz olarak kopyalanamaz, ba\u015fka yerde yay\u0131nlanamaz.<\/p>\n","protected":false},"excerpt":{"rendered":"<p>\u0130ngiltere Premier Lig ekiplerinden Manchester United, 21 ya\u015f\u0131ndaki orta saha Kobbie Mainoo ile Haziran 2031&#8217;e kadar ge\u00e7erli yeni bir s\u00f6zle\u015fme imzalad\u0131.<\/p>\n","protected":false},"author":2,"featured_media":30922,"comment_status":"open","ping_status":"open","sticky":false,"template":"","format":"standard","meta":{"footnotes":""},"categories":[5,7],"tags":[],"class_list":["post-30923","post","type-post","status-publish","format-standard","has-post-thumbnail","hentry","category-son-dakika","category-spor"],"_links":{"self":[{"href":"https:\/\/eskigazeteci.com\/index.php?rest_route=\/wp\/v2\/posts\/30923","targetHints":{"allow":["GET"]}}],"collection":[{"href":"https:\/\/eskigazeteci.com\/index.php?rest_route=\/wp\/v2\/posts"}],"about":[{"href":"https:\/\/eskigazeteci.com\/index.php?rest_route=\/wp\/v2\/types\/post"}],"author":[{"embeddable":true,"href":"https:\/\/eskigazeteci.com\/index.php?rest_route=\/wp\/v2\/users\/2"}],"replies":[{"embeddable":true,"href":"https:\/\/eskigazeteci.com\/index.php?rest_route=%2Fwp%2Fv2%2Fcomments&post=30923"}],"version-history":[{"count":0,"href":"https:\/\/eskigazeteci.com\/index.php?rest_route=\/wp\/v2\/posts\/30923\/revisions"}],"wp:featuredmedia":[{"embeddable":true,"href":"https:\/\/eskigazeteci.com\/index.php?rest_route=\/wp\/v2\/media\/30922"}],"wp:attachment":[{"href":"https:\/\/eskigazeteci.com\/index.php?rest_route=%2Fwp%2Fv2%2Fmedia&parent=30923"}],"wp:term":[{"taxonomy":"category","embeddable":true,"href":"https:\/\/eskigazeteci.com\/index.php?rest_route=%2Fwp%2Fv2%2Fcategories&post=30923"},{"taxonomy":"post_tag","embeddable":true,"href":"https:\/\/eskigazeteci.com\/index.php?rest_route=%2Fwp%2Fv2%2Ftags&post=30923"}],"curies":[{"name":"wp","href":"https:\/\/api.w.org\/{rel}","templated":true}]}}