{"id":30921,"date":"2026-04-30T12:25:00","date_gmt":"2026-04-30T12:25:00","guid":{"rendered":"https:\/\/eskigazeteci.com\/?p=30921"},"modified":"2026-04-30T12:25:00","modified_gmt":"2026-04-30T12:25:00","slug":"tasacak-bu-deniz-yarin-aksam-var-mi-yok-mu-1-mayis-tasacak-bu-deniz-yeni-bolum-olacak-mi","status":"publish","type":"post","link":"https:\/\/eskigazeteci.com\/?p=30921","title":{"rendered":"Ta\u015facak Bu Deniz yar\u0131n ak\u015fam var m\u0131 yok mu? 1 May\u0131s Ta\u015facak Bu Deniz yeni b\u00f6l\u00fcm olacak m\u0131?"},"content":{"rendered":"<p>1 May\u0131s Ta\u015facak Bu Deniz var m\u0131 yok mu resmi tatil olmas\u0131 nedeniyle izleyici taraf\u0131ndan merak ediliyor. Peki, Ta\u015facak Bu Deniz yar\u0131n ak\u015fam var? 1 May\u0131s Ta\u015facak Bu Deniz yeni b\u00f6l\u00fcm olacak m\u0131? \u0130\u015fte, TRT 1 yay\u0131n ak\u0131\u015f\u0131 1 May\u0131s 2026 Cuma Ta\u015facak Bu Deniz son b\u00f6l\u00fcm \u00f6zeti ve yeni b\u00f6l\u00fcm detaylar\u0131&#8230;<\/p>\n<p>1 May\u0131s Ta\u015facak Bu Deniz var m\u0131 yok mu resmi tatil olmas\u0131 nedeniyle izleyici taraf\u0131ndan merak ediliyor. Peki, Ta\u015facak Bu Deniz yar\u0131n ak\u015fam var? 1 May\u0131s Ta\u015facak Bu Deniz yeni b\u00f6l\u00fcm olacak m\u0131? \u0130\u015fte, TRT 1 yay\u0131n ak\u0131\u015f\u0131 1 May\u0131s 2026 Cuma Ta\u015facak Bu Deniz son b\u00f6l\u00fcm \u00f6zeti ve yeni b\u00f6l\u00fcm detaylar\u0131&#8230;<\/p>\n<p>Eleni ve Esme aras\u0131ndaki ba\u011fa dair tart\u0131\u015fmalar alevlenirken, &quot;Anne-k\u0131z olma ihtimalleri s\u0131f\u0131r!&quot; \u00e7\u0131k\u0131\u015f\u0131 yeni bir krizin kap\u0131s\u0131n\u0131 aral\u0131yor. \u015eerif&#x27;in kasabay\u0131 zehirleyerek yaratt\u0131\u011f\u0131 b\u00fcy\u00fck karma\u015fadan sonra Adil, zekice hamleleriyle bu durumu kontrol alt\u0131na almaya \u00e7al\u0131\u015f\u0131yor. Oru\u00e7, d\u00fc\u015fman\u0131 Gezep&#x27;i kurtarmak i\u00e7in kendi can\u0131n\u0131 riske atmaya devam ederken, Eleni ise sa\u011fl\u0131k alan\u0131ndaki m\u00fccadelesiyle can pazar\u0131nda hayat kurtarmaya odaklan\u0131yor.<\/p>\n<p>Eleni ve Esme aras\u0131ndaki ba\u011fa dair tart\u0131\u015fmalar alevlenirken, &quot;Anne-k\u0131z olma ihtimalleri s\u0131f\u0131r!&quot; \u00e7\u0131k\u0131\u015f\u0131 yeni bir krizin kap\u0131s\u0131n\u0131 aral\u0131yor.<\/p>\n<p>\u015eerif&#x27;in kasabay\u0131 zehirleyerek&#8230;<\/p>\n","protected":false},"excerpt":{"rendered":"<p>Cuma ak\u015famlar\u0131n\u0131n sevilen dizisi Ta\u015facak Bu Deniz, Karadeniz\u2019in h\u0131r\u00e7\u0131n do\u011fas\u0131nda iki d\u00fc\u015fman ailenin bitmeyen m\u00fccadelesini ekrana ta\u015f\u0131yor. Adil ile Esme\u2019nin&#8230;<\/p>\n","protected":false},"author":2,"featured_media":30920,"comment_status":"open","ping_status":"open","sticky":false,"template":"","format":"standard","meta":{"footnotes":""},"categories":[6,5],"tags":[],"class_list":["post-30921","post","type-post","status-publish","format-standard","has-post-thumbnail","hentry","category-gundem","category-son-dakika"],"_links":{"self":[{"href":"https:\/\/eskigazeteci.com\/index.php?rest_route=\/wp\/v2\/posts\/30921","targetHints":{"allow":["GET"]}}],"collection":[{"href":"https:\/\/eskigazeteci.com\/index.php?rest_route=\/wp\/v2\/posts"}],"about":[{"href":"https:\/\/eskigazeteci.com\/index.php?rest_route=\/wp\/v2\/types\/post"}],"author":[{"embeddable":true,"href":"https:\/\/eskigazeteci.com\/index.php?rest_route=\/wp\/v2\/users\/2"}],"replies":[{"embeddable":true,"href":"https:\/\/eskigazeteci.com\/index.php?rest_route=%2Fwp%2Fv2%2Fcomments&post=30921"}],"version-history":[{"count":0,"href":"https:\/\/eskigazeteci.com\/index.php?rest_route=\/wp\/v2\/posts\/30921\/revisions"}],"wp:featuredmedia":[{"embeddable":true,"href":"https:\/\/eskigazeteci.com\/index.php?rest_route=\/wp\/v2\/media\/30920"}],"wp:attachment":[{"href":"https:\/\/eskigazeteci.com\/index.php?rest_route=%2Fwp%2Fv2%2Fmedia&parent=30921"}],"wp:term":[{"taxonomy":"category","embeddable":true,"href":"https:\/\/eskigazeteci.com\/index.php?rest_route=%2Fwp%2Fv2%2Fcategories&post=30921"},{"taxonomy":"post_tag","embeddable":true,"href":"https:\/\/eskigazeteci.com\/index.php?rest_route=%2Fwp%2Fv2%2Ftags&post=30921"}],"curies":[{"name":"wp","href":"https:\/\/api.w.org\/{rel}","templated":true}]}}