{"id":30917,"date":"2026-04-30T12:19:39","date_gmt":"2026-04-30T12:19:39","guid":{"rendered":"https:\/\/eskigazeteci.com\/?p=30917"},"modified":"2026-04-30T12:19:39","modified_gmt":"2026-04-30T12:19:39","slug":"mabel-matiz-hakkinda-mutalaa-aciklandi-3-yila-kadar-hapis-talebi","status":"publish","type":"post","link":"https:\/\/eskigazeteci.com\/?p=30917","title":{"rendered":"Mabel Matiz hakk\u0131nda m\u00fctalaa a\u00e7\u0131kland\u0131: 3 y\u0131la kadar hapis talebi"},"content":{"rendered":"<p>&#x27;Perperi\u015fan&#x27; adl\u0131 \u015fark\u0131s\u0131n\u0131n s\u00f6zlerinde m\u00fcstehcen betimlemeler yer ald\u0131\u011f\u0131 ve eserin dijital platformlarda ya\u015f s\u0131n\u0131r\u0131 olmaks\u0131z\u0131n da\u011f\u0131t\u0131ld\u0131\u011f\u0131 iddias\u0131yla &#x27;M\u00fcstehcen yay\u0131nlar\u0131n yay\u0131nlanmas\u0131na arac\u0131l\u0131k etmek&#x27; su\u00e7undan 6 aydan 3 y\u0131la kadar hapis istemiyle yarg\u0131lanan \u015fark\u0131c\u0131 Mabel Matiz olarak tan\u0131nan Fatih Karacan&#x27;\u0131n yarg\u0131lanmas\u0131na devam edildi. \u0130stanbul 54. Asliye Ceza Mahkemesi&#x27;nde g\u00f6r\u00fclen duru\u015fmaya Mabel Matiz kat\u0131lmazken taraf avukatlar\u0131 haz\u0131r bulundu.<\/p>\n<p>METAFORLARLA \u00c7A\u011eRI\u015eIMLAR YAPILDI<\/p>\n<p>Duru\u015fmada Cumhuriyet savc\u0131s\u0131 esasa ili\u015fkin m\u00fctalaas\u0131n\u0131 a\u00e7\u0131klad\u0131. \u015eark\u0131da bedensel ve ruhsal metaforlarla \u00e7a\u011fr\u0131\u015f\u0131mlar, \u015fark\u0131 s\u00f6zlerinde cinsel birle\u015fmeye y\u00f6nelik betimlemeler yap\u0131ld\u0131\u011f\u0131 ve genel ahlaka ayk\u0131r\u0131 \u015fark\u0131 s\u00f6zlerinin \u00e7ocuklar\u0131n da ula\u015fabilece\u011fi platformlarda yay\u0131nland\u0131\u011f\u0131 ifade edildi.<\/p>\n<p>DURU\u015eMA ERTELEND\u0130<\/p>\n<p>Duru\u015fma san\u0131k avukat\u0131n\u0131n m\u00fctalaaya kar\u015f\u0131 savunma haz\u0131rlamas\u0131 i\u00e7in s\u00fcre vererek 8 May\u0131s&#x27;a ertelendi. Haz\u0131rlanan iddianamede Fatih Karaca&#x27;n\u0131n &#x27;M\u00fcstehcen yay\u0131nlar\u0131n yay\u0131nlanmas\u0131na arac\u0131l\u0131k etmek&#x27; su\u00e7undan 6 aydan 3 y\u0131la kadar hapis cezas\u0131yla cezaland\u0131r\u0131lmas\u0131 talep edildi.<\/p>\n<p>T\u00fcrkiye g\u00fcndeminden son dakika haberleri, bug\u00fcn ya\u015fanan en son geli\u015fmeler, siyaset g\u00fcndeminden g\u00fcncel haberler ve b\u00fct\u00fcn son&#8230;<\/p>\n","protected":false},"excerpt":{"rendered":"<p>&#8216;Perperi\u015fan&#8217; isimli \u015fark\u0131n\u0131n s\u00f6zlerinde m\u00fcstehcen betimlemeler yer ald\u0131\u011f\u0131 ve eserin dijital platformlarda ya\u015f s\u0131n\u0131r\u0131 olmaks\u0131z\u0131n da\u011f\u0131t\u0131ld\u0131\u011f\u0131 iddias\u0131yla&#8230;<\/p>\n","protected":false},"author":2,"featured_media":30916,"comment_status":"open","ping_status":"open","sticky":false,"template":"","format":"standard","meta":{"footnotes":""},"categories":[6,5],"tags":[],"class_list":["post-30917","post","type-post","status-publish","format-standard","has-post-thumbnail","hentry","category-gundem","category-son-dakika"],"_links":{"self":[{"href":"https:\/\/eskigazeteci.com\/index.php?rest_route=\/wp\/v2\/posts\/30917","targetHints":{"allow":["GET"]}}],"collection":[{"href":"https:\/\/eskigazeteci.com\/index.php?rest_route=\/wp\/v2\/posts"}],"about":[{"href":"https:\/\/eskigazeteci.com\/index.php?rest_route=\/wp\/v2\/types\/post"}],"author":[{"embeddable":true,"href":"https:\/\/eskigazeteci.com\/index.php?rest_route=\/wp\/v2\/users\/2"}],"replies":[{"embeddable":true,"href":"https:\/\/eskigazeteci.com\/index.php?rest_route=%2Fwp%2Fv2%2Fcomments&post=30917"}],"version-history":[{"count":0,"href":"https:\/\/eskigazeteci.com\/index.php?rest_route=\/wp\/v2\/posts\/30917\/revisions"}],"wp:featuredmedia":[{"embeddable":true,"href":"https:\/\/eskigazeteci.com\/index.php?rest_route=\/wp\/v2\/media\/30916"}],"wp:attachment":[{"href":"https:\/\/eskigazeteci.com\/index.php?rest_route=%2Fwp%2Fv2%2Fmedia&parent=30917"}],"wp:term":[{"taxonomy":"category","embeddable":true,"href":"https:\/\/eskigazeteci.com\/index.php?rest_route=%2Fwp%2Fv2%2Fcategories&post=30917"},{"taxonomy":"post_tag","embeddable":true,"href":"https:\/\/eskigazeteci.com\/index.php?rest_route=%2Fwp%2Fv2%2Ftags&post=30917"}],"curies":[{"name":"wp","href":"https:\/\/api.w.org\/{rel}","templated":true}]}}