{"id":30915,"date":"2026-04-30T12:18:07","date_gmt":"2026-04-30T12:18:07","guid":{"rendered":"https:\/\/eskigazeteci.com\/?p=30915"},"modified":"2026-04-30T12:18:07","modified_gmt":"2026-04-30T12:18:07","slug":"bolgede-incelemeler-yapildi-3-buyuk-deprem-yasandigi-ortaya-cikti-tehlikenin-ne-kadar-yaklastigini-bulmaya-calisiyoruz","status":"publish","type":"post","link":"https:\/\/eskigazeteci.com\/?p=30915","title":{"rendered":"B\u00f6lgede incelemeler yap\u0131ld\u0131: 3 b\u00fcy\u00fck deprem ya\u015fand\u0131\u011f\u0131 ortaya \u00e7\u0131kt\u0131! &#8216;Tehlikenin ne kadar yakla\u015ft\u0131\u011f\u0131n\u0131 bulmaya \u00e7al\u0131\u015f\u0131yoruz&#8217;"},"content":{"rendered":"<p>\u0130\u00e7i\u015fleri Bakanl\u0131\u011f\u0131, Enerji ve Tabii Kaynaklar Bakanl\u0131\u011f\u0131 ile Sanayi ve Teknoloji Bakanl\u0131\u011f\u0131, T\u00fcrkiye Belediyeler Birli\u011fince desteklenen, AFAD ve Maden Tetkik Arama (MTA) Genel M\u00fcd\u00fcrl\u00fc\u011f\u00fc taraf\u0131ndan haz\u0131rlanan &quot;T\u00fcrkiye Diri Faylar\u0131n\u0131n Paleosismolojik \u00d6zelliklerinin Belirlenmesi Projesi&quot; T\u00dcB\u0130TAK Marmara Ara\u015ft\u0131rma Merkezi (MAM) koordinat\u00f6rl\u00fc\u011f\u00fcnde 14 \u00fcniversiteden 100&#x27;\u00fcn \u00fczerinde ara\u015ft\u0131rmac\u0131n\u0131n kat\u0131l\u0131m\u0131yla y\u00fcr\u00fct\u00fcl\u00fcyor.<\/p>\n<p>Prof. Dr. Hasan S\u00f6zbilir y\u00fcr\u00fct\u00fcc\u00fcl\u00fc\u011f\u00fcnde, F\u0131rat \u00dcniversitesi M\u00fchendislik Fak\u00fcltesi Jeoloji M\u00fchendisli\u011fi B\u00f6l\u00fcm\u00fc \u00d6\u011fretim \u00dcyesi Prof. Dr. Ercan Aksoy, Afyon Kocatepe \u00dcniversitesi (AK\u00dc) M\u00fchendislik Fak\u00fcltesi Jeoloji M\u00fchendisli\u011fi B\u00f6l\u00fcm\u00fc \u00d6\u011fretim \u00dcyesi Prof. Dr. \u00c7a\u011flar \u00d6zkaymak, Eski\u015fehir Osmangazi \u00dcniversitesi Jeoloji Anabilim Dal\u0131 Ba\u015fkan\u0131 Prof. Dr. Volkan Karabacak, Dokuz Eyl\u00fcl \u00dcniversitesi M\u00fchendislik Fak\u00fcltesi ve Jeofizik M\u00fchendisli\u011fi B\u00f6l\u00fcm\u00fcnde Dr. \u00d6\u011fr. \u00dcyesi \u00d6zkan Cevdet \u00d6zda\u011f ile doktora \u00f6\u011frencisi B\u00fc\u015fra Yerli&#x27;nin yer ald\u0131\u011f\u0131 6 ki\u015fiden olu\u015fan ara\u015ft\u0131rma ekibi incelemelerde bulunmak \u00fczere \u015e\u0131rnak&#x27;a geldi.<\/p>\n<p>Ara\u015ft\u0131rma ekibi, Kasrik beldesi ile \u015e\u0131rnak-Cizre kara yolunun T\u00fcneller mevkisinde kaz\u0131lan 20 metre uzunlu\u011funda 3 metre derinli\u011findeki hendeklerde inceleme yap\u0131yor. &quot;6 B\u0130N&#8230;<\/p>\n","protected":false},"excerpt":{"rendered":"<p>Dokuz Eyl\u00fcl \u00dcniversitesi (DE\u00dc) Deprem Ara\u015ft\u0131rma ve Uygulama Merkezi M\u00fcd\u00fcr\u00fc Prof. Dr. Hasan S\u00f6zbilir ba\u015fkanl\u0131\u011f\u0131nda akademisyenlerce y\u00fcr\u00fct\u00fclen bilimsel \u00e7al\u0131\u015fma&#8230;<\/p>\n","protected":false},"author":2,"featured_media":30914,"comment_status":"open","ping_status":"open","sticky":false,"template":"","format":"standard","meta":{"footnotes":""},"categories":[6,5],"tags":[],"class_list":["post-30915","post","type-post","status-publish","format-standard","has-post-thumbnail","hentry","category-gundem","category-son-dakika"],"_links":{"self":[{"href":"https:\/\/eskigazeteci.com\/index.php?rest_route=\/wp\/v2\/posts\/30915","targetHints":{"allow":["GET"]}}],"collection":[{"href":"https:\/\/eskigazeteci.com\/index.php?rest_route=\/wp\/v2\/posts"}],"about":[{"href":"https:\/\/eskigazeteci.com\/index.php?rest_route=\/wp\/v2\/types\/post"}],"author":[{"embeddable":true,"href":"https:\/\/eskigazeteci.com\/index.php?rest_route=\/wp\/v2\/users\/2"}],"replies":[{"embeddable":true,"href":"https:\/\/eskigazeteci.com\/index.php?rest_route=%2Fwp%2Fv2%2Fcomments&post=30915"}],"version-history":[{"count":0,"href":"https:\/\/eskigazeteci.com\/index.php?rest_route=\/wp\/v2\/posts\/30915\/revisions"}],"wp:featuredmedia":[{"embeddable":true,"href":"https:\/\/eskigazeteci.com\/index.php?rest_route=\/wp\/v2\/media\/30914"}],"wp:attachment":[{"href":"https:\/\/eskigazeteci.com\/index.php?rest_route=%2Fwp%2Fv2%2Fmedia&parent=30915"}],"wp:term":[{"taxonomy":"category","embeddable":true,"href":"https:\/\/eskigazeteci.com\/index.php?rest_route=%2Fwp%2Fv2%2Fcategories&post=30915"},{"taxonomy":"post_tag","embeddable":true,"href":"https:\/\/eskigazeteci.com\/index.php?rest_route=%2Fwp%2Fv2%2Ftags&post=30915"}],"curies":[{"name":"wp","href":"https:\/\/api.w.org\/{rel}","templated":true}]}}