{"id":30909,"date":"2026-04-30T12:06:36","date_gmt":"2026-04-30T12:06:36","guid":{"rendered":"https:\/\/eskigazeteci.com\/?p=30909"},"modified":"2026-04-30T12:06:36","modified_gmt":"2026-04-30T12:06:36","slug":"osimhenden-fenerbahce-itirafi-en-unutulmazi","status":"publish","type":"post","link":"https:\/\/eskigazeteci.com\/?p=30909","title":{"rendered":"Osimhen&#8217;den Fenerbah\u00e7e itiraf\u0131! &#8216;En unutulmaz\u0131&#8217;"},"content":{"rendered":"<p>Galatasaray &#x27;\u0131n Nijeryal\u0131 y\u0131ld\u0131z\u0131 Victor Osimhen, \u00fclkesinden Onah Kosisochukwu&#x27;ya a\u00e7\u0131klamalarda bulundu. \u0130\u015fte Osimhen&#x27;in a\u00e7\u0131klamalar\u0131:<\/p>\n<p>&quot;BU A\u0130LE, BU A\u015eK&#8230;&quot;<\/p>\n<p>&quot;Bug\u00fcne kadar kariyerimden \u00e7ok keyif ald\u0131m. Bence burada bir yuva buldum. Rahat hissetti\u011fim, yani bulundu\u011fum yer, ailem ve birka\u00e7 yak\u0131n arkada\u015f\u0131m. Galatasaray&#8230; A\u00e7\u0131klayacak bir kelime ar\u0131yorum. Bu aile, bu a\u015fk, bu birlik, bu sayg\u0131&#8230; Tanr\u0131&#x27;ya ger\u00e7ekten minnettar\u0131m ki Galatasaray ile yollar\u0131m\u0131z kesi\u015fti.&quot;<\/p>\n<p>&quot;D\u00dcNYANIN EN \u0130Y\u0130S\u0130 GALATASARAY&quot;<\/p>\n<p>&quot;Galatasaray kesinlikle bamba\u015fka. Tamamen farkl\u0131. Napoli&#x27;de biliyorsun, taraftarlar her zama harikad\u0131r. Benzer \u015fekilde, Galatasaray taraftarlar\u0131na da benziyor. Buraya geldi\u011fimde futbol ba\u015fka bir seviyede, kul\u00fcplerini t\u00fcm kalpleriyle destekliyorlar. T\u00fcrkiye i\u00e7in futbol gelenek. Kendi kul\u00fcplerini canla ba\u015fka desteklerler. Deplasman ma\u00e7lar\u0131nda, ailemle d\u0131\u015far\u0131dayken bana sevgilerini g\u00f6steriyorlar. Benim i\u00e7in \u015fimdiye kadarki kariyerimde g\u00f6rd\u00fc\u011f\u00fcm en iyi taraftar Galatasaray&#x27;da.&quot;<\/p>\n<p>&quot;EN \u015eAKACI D\u00d6RTL\u00dc&#8230;&quot;<\/p>\n<p>&quot;Tak\u0131mdaki en \u015fakac\u0131 insanlar Gabriel Sara, Torreira, Davinson ve Sallai. Onlar hep \u015fakalar\u0131 ba\u015flatan ki\u015filer oluyorlar.&quot;<\/p>\n<p>&quot;SARA, \u00c7OK \u0130Y\u0130 ARKADA\u015eIM&quot;<\/p>\n<p>&quot;Gabriel Sara benim d\u00fc\u015fman\u0131m (g\u00fclerek), o benim&#8230;<\/p>\n","protected":false},"excerpt":{"rendered":"<p>Galatasaray&#8217;\u0131n Nijeryal\u0131 golc\u00fcs\u00fc Victor Osimhen, samimi a\u00e7\u0131klamalarda bulundu.<\/p>\n","protected":false},"author":2,"featured_media":30908,"comment_status":"open","ping_status":"open","sticky":false,"template":"","format":"standard","meta":{"footnotes":""},"categories":[5,7],"tags":[],"class_list":["post-30909","post","type-post","status-publish","format-standard","has-post-thumbnail","hentry","category-son-dakika","category-spor"],"_links":{"self":[{"href":"https:\/\/eskigazeteci.com\/index.php?rest_route=\/wp\/v2\/posts\/30909","targetHints":{"allow":["GET"]}}],"collection":[{"href":"https:\/\/eskigazeteci.com\/index.php?rest_route=\/wp\/v2\/posts"}],"about":[{"href":"https:\/\/eskigazeteci.com\/index.php?rest_route=\/wp\/v2\/types\/post"}],"author":[{"embeddable":true,"href":"https:\/\/eskigazeteci.com\/index.php?rest_route=\/wp\/v2\/users\/2"}],"replies":[{"embeddable":true,"href":"https:\/\/eskigazeteci.com\/index.php?rest_route=%2Fwp%2Fv2%2Fcomments&post=30909"}],"version-history":[{"count":0,"href":"https:\/\/eskigazeteci.com\/index.php?rest_route=\/wp\/v2\/posts\/30909\/revisions"}],"wp:featuredmedia":[{"embeddable":true,"href":"https:\/\/eskigazeteci.com\/index.php?rest_route=\/wp\/v2\/media\/30908"}],"wp:attachment":[{"href":"https:\/\/eskigazeteci.com\/index.php?rest_route=%2Fwp%2Fv2%2Fmedia&parent=30909"}],"wp:term":[{"taxonomy":"category","embeddable":true,"href":"https:\/\/eskigazeteci.com\/index.php?rest_route=%2Fwp%2Fv2%2Fcategories&post=30909"},{"taxonomy":"post_tag","embeddable":true,"href":"https:\/\/eskigazeteci.com\/index.php?rest_route=%2Fwp%2Fv2%2Ftags&post=30909"}],"curies":[{"name":"wp","href":"https:\/\/api.w.org\/{rel}","templated":true}]}}