{"id":30905,"date":"2026-04-30T11:56:32","date_gmt":"2026-04-30T11:56:32","guid":{"rendered":"https:\/\/eskigazeteci.com\/?p=30905"},"modified":"2026-04-30T11:56:32","modified_gmt":"2026-04-30T11:56:32","slug":"ihtar-cekip-isten-ayrildi-eski-patronlari-isletmesini-basti-1-yarali","status":"publish","type":"post","link":"https:\/\/eskigazeteci.com\/?p=30905","title":{"rendered":"\u0130htar \u00e7ekip i\u015ften ayr\u0131ld\u0131, eski patronlar\u0131 i\u015fletmesini bast\u0131: 1 yaral\u0131"},"content":{"rendered":"<p>Olay, 25 Nisan saat 10.30 s\u0131ralar\u0131nda Kocatepe Mahallesi&#x27;nde bulunan kuru g\u0131da halinde meydana geldi. \u0130ddiaya g\u00f6re, Zafer \u00c7., bir s\u00fcre \u00f6nce ihtar \u00e7ekerek ayr\u0131ld\u0131\u011f\u0131 i\u015f yerinin sahipleri Kemal O. ve babas\u0131 H\u00fcseyin O. ile daval\u0131k oldu. Bunun \u00fczerine g\u00f6r\u00fc\u015fmek isteyen baba ve o\u011flu Zafer \u00c7.&#x27;nin yeni a\u00e7t\u0131\u011f\u0131 i\u015f yerine gitti.<\/p>\n<p>\u0130\u015f yeri \u00f6n\u00fcnde ba\u015flayan tart\u0131\u015fma k\u0131sa s\u00fcrede kavgaya d\u00f6n\u00fc\u015ft\u00fc. Esnaflar\u0131n ve orada bulunanlar\u0131n araya girmesiyle kavga sona ererken Zafer \u00c7. i\u015f yerindeki ofisine d\u00f6nd\u00fc. K\u0131sa s\u00fcre sonra i\u015f yerine yeniden gelen baba ve o\u011flu ile Zafer \u00c7. aras\u0131nda \u00e7\u0131kan kavgada yan\u0131nda bulunan silah\u0131 \u00e7\u0131karan H\u00fcseyin O., i\u015f g\u00f6r\u00fc\u015fmesi i\u00e7in orada oldu\u011fu \u00f6ne s\u00fcr\u00fclen Adem \u00c7.&#x27;yi vurdu.<\/p>\n<p>\u0130hbar \u00fczerine olay yerine polis ve sa\u011fl\u0131k ekibi sevk edildi. Sa\u011fl\u0131k ekipleri, 3 kur\u015funun isabet etmesiyle yaralanan Adem \u00c7.&#x27;yi ilk m\u00fcdahalenin ard\u0131ndan hastaneye kald\u0131rd\u0131. Kemal O. ve babas\u0131 H\u00fcseyin O. g\u00f6zalt\u0131na al\u0131nd\u0131. Ya\u015fananlar i\u015f yerinin g\u00fcvenlik kameras\u0131na yans\u0131rken yaral\u0131 Adem \u00c7.&#x27;nin tedavisinin hastanede s\u00fcrd\u00fc\u011f\u00fc \u00f6\u011frenildi.<\/p>\n<p>&#x27;S\u0130LAH ALIP GEL\u0130YORLAR&#x27;<\/p>\n<p>Zafer \u00c7., &quot;Eski \u00e7al\u0131\u015ft\u0131\u011f\u0131m i\u015f yerinin sahibi Kemal O. ve babas\u0131 H\u00fcseyin O., beni yol \u00fcst\u00fcnde g\u00f6rd\u00fc. Sonras\u0131nda Kemal O., arac\u0131n\u0131n i\u00e7erisinden bana hakaret&#8230;<\/p>\n","protected":false},"excerpt":{"rendered":"<p>Bayrampa\u015fa&#8217;da Kemal O. ve babas\u0131 H\u00fcseyin O., daha \u00f6nce kendi firmalar\u0131nda \u00e7al\u0131\u015fan ve ihtar \u00e7ekerek i\u015ften ayr\u0131lan Zafer \u00c7.&#8217;nin yeni a\u00e7t\u0131\u011f\u0131 i\u015f yerine gitti&#8230;.<\/p>\n","protected":false},"author":2,"featured_media":30904,"comment_status":"open","ping_status":"open","sticky":false,"template":"","format":"standard","meta":{"footnotes":""},"categories":[6,5],"tags":[],"class_list":["post-30905","post","type-post","status-publish","format-standard","has-post-thumbnail","hentry","category-gundem","category-son-dakika"],"_links":{"self":[{"href":"https:\/\/eskigazeteci.com\/index.php?rest_route=\/wp\/v2\/posts\/30905","targetHints":{"allow":["GET"]}}],"collection":[{"href":"https:\/\/eskigazeteci.com\/index.php?rest_route=\/wp\/v2\/posts"}],"about":[{"href":"https:\/\/eskigazeteci.com\/index.php?rest_route=\/wp\/v2\/types\/post"}],"author":[{"embeddable":true,"href":"https:\/\/eskigazeteci.com\/index.php?rest_route=\/wp\/v2\/users\/2"}],"replies":[{"embeddable":true,"href":"https:\/\/eskigazeteci.com\/index.php?rest_route=%2Fwp%2Fv2%2Fcomments&post=30905"}],"version-history":[{"count":0,"href":"https:\/\/eskigazeteci.com\/index.php?rest_route=\/wp\/v2\/posts\/30905\/revisions"}],"wp:featuredmedia":[{"embeddable":true,"href":"https:\/\/eskigazeteci.com\/index.php?rest_route=\/wp\/v2\/media\/30904"}],"wp:attachment":[{"href":"https:\/\/eskigazeteci.com\/index.php?rest_route=%2Fwp%2Fv2%2Fmedia&parent=30905"}],"wp:term":[{"taxonomy":"category","embeddable":true,"href":"https:\/\/eskigazeteci.com\/index.php?rest_route=%2Fwp%2Fv2%2Fcategories&post=30905"},{"taxonomy":"post_tag","embeddable":true,"href":"https:\/\/eskigazeteci.com\/index.php?rest_route=%2Fwp%2Fv2%2Ftags&post=30905"}],"curies":[{"name":"wp","href":"https:\/\/api.w.org\/{rel}","templated":true}]}}