{"id":30903,"date":"2026-04-30T11:54:58","date_gmt":"2026-04-30T11:54:58","guid":{"rendered":"https:\/\/eskigazeteci.com\/?p=30903"},"modified":"2026-04-30T11:54:58","modified_gmt":"2026-04-30T11:54:58","slug":"disisleri-bakani-hakan-fidan-agit-genel-sekreteri-feridun-sinirlioglu-ile-bir-araya-geldi","status":"publish","type":"post","link":"https:\/\/eskigazeteci.com\/?p=30903","title":{"rendered":"D\u0131\u015fi\u015fleri Bakan\u0131 Hakan Fidan, AG\u0130T Genel Sekreteri Feridun Sinirlio\u011flu ile bir araya geldi"},"content":{"rendered":"<p>D\u0131\u015fi\u015fleri Bakan\u0131 Hakan Fidan, AG\u0130T Genel Sekreteri Feridun Sinirlio\u011flu ile bir g\u00f6r\u00fc\u015fme ger\u00e7ekle\u015ftirdi.<\/p>\n","protected":false},"excerpt":{"rendered":"<p>D\u0131\u015fi\u015fleri Bakan\u0131 Hakan Fidan, AG\u0130T Genel Sekreteri Feridun Sinirlio\u011flu ile bir g\u00f6r\u00fc\u015fme ger\u00e7ekle\u015ftirdi.<\/p>\n","protected":false},"author":2,"featured_media":30902,"comment_status":"open","ping_status":"open","sticky":false,"template":"","format":"standard","meta":{"footnotes":""},"categories":[6,5],"tags":[],"class_list":["post-30903","post","type-post","status-publish","format-standard","has-post-thumbnail","hentry","category-gundem","category-son-dakika"],"_links":{"self":[{"href":"https:\/\/eskigazeteci.com\/index.php?rest_route=\/wp\/v2\/posts\/30903","targetHints":{"allow":["GET"]}}],"collection":[{"href":"https:\/\/eskigazeteci.com\/index.php?rest_route=\/wp\/v2\/posts"}],"about":[{"href":"https:\/\/eskigazeteci.com\/index.php?rest_route=\/wp\/v2\/types\/post"}],"author":[{"embeddable":true,"href":"https:\/\/eskigazeteci.com\/index.php?rest_route=\/wp\/v2\/users\/2"}],"replies":[{"embeddable":true,"href":"https:\/\/eskigazeteci.com\/index.php?rest_route=%2Fwp%2Fv2%2Fcomments&post=30903"}],"version-history":[{"count":0,"href":"https:\/\/eskigazeteci.com\/index.php?rest_route=\/wp\/v2\/posts\/30903\/revisions"}],"wp:featuredmedia":[{"embeddable":true,"href":"https:\/\/eskigazeteci.com\/index.php?rest_route=\/wp\/v2\/media\/30902"}],"wp:attachment":[{"href":"https:\/\/eskigazeteci.com\/index.php?rest_route=%2Fwp%2Fv2%2Fmedia&parent=30903"}],"wp:term":[{"taxonomy":"category","embeddable":true,"href":"https:\/\/eskigazeteci.com\/index.php?rest_route=%2Fwp%2Fv2%2Fcategories&post=30903"},{"taxonomy":"post_tag","embeddable":true,"href":"https:\/\/eskigazeteci.com\/index.php?rest_route=%2Fwp%2Fv2%2Ftags&post=30903"}],"curies":[{"name":"wp","href":"https:\/\/api.w.org\/{rel}","templated":true}]}}