{"id":30901,"date":"2026-04-30T11:46:33","date_gmt":"2026-04-30T11:46:33","guid":{"rendered":"https:\/\/eskigazeteci.com\/?p=30901"},"modified":"2026-04-30T11:46:33","modified_gmt":"2026-04-30T11:46:33","slug":"buz-yanigi-davasinda-kres-sahibi-ile-calisan-icin-karar","status":"publish","type":"post","link":"https:\/\/eskigazeteci.com\/?p=30901","title":{"rendered":"&#8216;Buz yan\u0131\u011f\u0131&#8217; davas\u0131nda kre\u015f sahibi ile \u00e7al\u0131\u015fan i\u00e7in karar"},"content":{"rendered":"<p>Samsun&#x27;da ya\u015fayan D.S., 2 Temmuz 2025&#x27;te Atakum il\u00e7esi B\u00fcy\u00fckkolp\u0131nar Mahallesi&#x27;ndeki kre\u015fe otizmli o\u011flu E.M.S.&#x27;yi yazd\u0131rd\u0131. \u0130ddiaya g\u00f6re; 3 Temmuz&#x27;da kre\u015f y\u00f6netiminin arad\u0131\u011f\u0131 D.S.&#x27;ye, o\u011flunun ba\u015fka bir \u00e7ocuk taraf\u0131ndan \u0131s\u0131r\u0131ld\u0131\u011f\u0131n\u0131 s\u00f6ylendi. D.S., o\u011flunun eve geldi\u011finde sa\u011f kolunda morarma ve \u015fi\u015flik g\u00f6r\u00fcnce hastaneye g\u00f6t\u00fcrd\u00fc. \u0130ncelemede; E.M.S.\u2019nin kolunda 5&#215;3 santimetrelik ikinci derece derin buz yan\u0131\u011f\u0131 tespit edildi. Bunun \u00fczerine D.S., kre\u015ften \u015fikayet\u00e7i oldu. \u0130fadesi al\u0131nan kre\u015f \u00e7al\u0131\u015fan\u0131 H.D., E.M.S.\u2019yi ba\u015fka bir \u00e7ocu\u011fun \u0131s\u0131rd\u0131\u011f\u0131n\u0131, iz kalmamas\u0131 ve a\u011fr\u0131 olu\u015fmamas\u0131 i\u00e7in buz koydu\u011funu s\u00f6yledi\u011fi belirtildi. Di\u011fer yandan E.M.S.&#x27;nin ba\u015fka bir \u00e7ocuk taraf\u0131ndan \u0131s\u0131r\u0131ld\u0131\u011f\u0131 ve buz tedavisi uyguland\u0131\u011f\u0131 anlar, g\u00fcvenlik kameras\u0131na yans\u0131d\u0131.<\/p>\n<p>\u0130\u015e YER\u0130 SAH\u0130B\u0130 ASL\u0130, \u00c7ALI\u015eAN TAL\u0130 KUSURLU<\/p>\n<p>Samsun Cumhuriyet Ba\u015fsavc\u0131l\u0131\u011f\u0131, H.D. ve i\u015f yeri sahibi B.Y. hakk\u0131nda &#x27;Taksirle yaralama\u2019 su\u00e7lamas\u0131yla iddianame d\u00fczenlendi. \u0130ddianamede; san\u0131k H.D.\u2019nin, E.M.S.\u2019nin koluna buz koyarak ikinci derecede yan\u0131k olmas\u0131na sebebiyet verdi\u011fi, B.Y.&#x27;nin de idareci olarak yeterli \u00f6zeni sa\u011flamad\u0131\u011f\u0131 iddia edilerek, 4 aydan 2 y\u0131la kadar hapsi veya adli para cezas\u0131na \u00e7arpt\u0131r\u0131lmas\u0131 istendi. Ayr\u0131ca iddianamede, i\u015fletmenin de&#8230;<\/p>\n","protected":false},"excerpt":{"rendered":"<p>Samsun&#8217;un Atakum il\u00e7esinde otizmli E.M.S.&#8217;nin kre\u015fte arkada\u015f\u0131 taraf\u0131ndan \u0131s\u0131r\u0131ld\u0131\u011f\u0131 ve konulan buz nedeniyle kolunda ikinci derece buz yan\u0131\u011f\u0131 olu\u015ftu\u011fu&#8230;<\/p>\n","protected":false},"author":2,"featured_media":30900,"comment_status":"open","ping_status":"open","sticky":false,"template":"","format":"standard","meta":{"footnotes":""},"categories":[6,5],"tags":[],"class_list":["post-30901","post","type-post","status-publish","format-standard","has-post-thumbnail","hentry","category-gundem","category-son-dakika"],"_links":{"self":[{"href":"https:\/\/eskigazeteci.com\/index.php?rest_route=\/wp\/v2\/posts\/30901","targetHints":{"allow":["GET"]}}],"collection":[{"href":"https:\/\/eskigazeteci.com\/index.php?rest_route=\/wp\/v2\/posts"}],"about":[{"href":"https:\/\/eskigazeteci.com\/index.php?rest_route=\/wp\/v2\/types\/post"}],"author":[{"embeddable":true,"href":"https:\/\/eskigazeteci.com\/index.php?rest_route=\/wp\/v2\/users\/2"}],"replies":[{"embeddable":true,"href":"https:\/\/eskigazeteci.com\/index.php?rest_route=%2Fwp%2Fv2%2Fcomments&post=30901"}],"version-history":[{"count":0,"href":"https:\/\/eskigazeteci.com\/index.php?rest_route=\/wp\/v2\/posts\/30901\/revisions"}],"wp:featuredmedia":[{"embeddable":true,"href":"https:\/\/eskigazeteci.com\/index.php?rest_route=\/wp\/v2\/media\/30900"}],"wp:attachment":[{"href":"https:\/\/eskigazeteci.com\/index.php?rest_route=%2Fwp%2Fv2%2Fmedia&parent=30901"}],"wp:term":[{"taxonomy":"category","embeddable":true,"href":"https:\/\/eskigazeteci.com\/index.php?rest_route=%2Fwp%2Fv2%2Fcategories&post=30901"},{"taxonomy":"post_tag","embeddable":true,"href":"https:\/\/eskigazeteci.com\/index.php?rest_route=%2Fwp%2Fv2%2Ftags&post=30901"}],"curies":[{"name":"wp","href":"https:\/\/api.w.org\/{rel}","templated":true}]}}