{"id":30899,"date":"2026-04-30T11:44:59","date_gmt":"2026-04-30T11:44:59","guid":{"rendered":"https:\/\/eskigazeteci.com\/?p=30899"},"modified":"2026-04-30T11:44:59","modified_gmt":"2026-04-30T11:44:59","slug":"turkiyede-en-yuksek-sicakligin-olculdugu-ilce-oldu-ilk-kez-50-dereceye-ulasti-2","status":"publish","type":"post","link":"https:\/\/eskigazeteci.com\/?p=30899","title":{"rendered":"T\u00fcrkiye&#8217;de en y\u00fcksek s\u0131cakl\u0131\u011f\u0131n \u00f6l\u00e7\u00fcld\u00fc\u011f\u00fc il\u00e7e oldu: \u0130lk kez 50 dereceye ula\u015ft\u0131"},"content":{"rendered":"<p>D\u00fcnya Meteoroloji \u00d6rg\u00fct\u00fc (WMO) ve Avrupa Orta Vadeli Hava Tahminleri Merkezi (ECMWF) taraf\u0131ndan haz\u0131rlanan Avrupa \u0130klim Durumu 2025 raporuna g\u00f6re, Avrupa k\u0131tas\u0131n\u0131n en az y\u00fczde 95&#x27;i, 2025 y\u0131l\u0131nda ortalaman\u0131n \u00fczerinde s\u0131cakl\u0131klar ya\u015fad\u0131.<\/p>\n<p>D\u00fcnya Meteoroloji \u00d6rg\u00fct\u00fc (WMO) ve Avrupa Orta Vadeli Hava Tahminleri Merkezi (ECMWF) taraf\u0131ndan haz\u0131rlanan Avrupa \u0130klim Durumu 2025 raporuna g\u00f6re, Avrupa k\u0131tas\u0131n\u0131n en az y\u00fczde 95&#x27;i, 2025 y\u0131l\u0131nda ortalaman\u0131n \u00fczerinde s\u0131cakl\u0131klar ya\u015fad\u0131.<\/p>\n<p>Son 30 y\u0131lda k\u00fcresel ortalama s\u0131cakl\u0131k her 10 y\u0131lda yakla\u015f\u0131k 0,2 derece artarken, s\u0131cakl\u0131\u011f\u0131n her 10 y\u0131lda yakla\u015f\u0131k 0,56 derecelik artt\u0131\u011f\u0131 Avrupa, en h\u0131zl\u0131 \u0131s\u0131nan k\u0131ta oldu.<\/p>\n<p>Son 30 y\u0131lda k\u00fcresel ortalama s\u0131cakl\u0131k her 10 y\u0131lda yakla\u015f\u0131k 0,2 derece artarken, s\u0131cakl\u0131\u011f\u0131n her 10 y\u0131lda yakla\u015f\u0131k 0,56 derecelik artt\u0131\u011f\u0131 Avrupa, en h\u0131zl\u0131 \u0131s\u0131nan k\u0131ta oldu.<\/p>\n<p>Gr\u00f6nland hari\u00e7 Avrupa genelinde, \u00f6zellikle ocak sonu ve ilkbaharda, toplam 27 g\u00fcn rekor s\u0131cakl\u0131klar kaydedildi.<\/p>\n<p>Gr\u00f6nland hari\u00e7 Avrupa genelinde, \u00f6zellikle ocak sonu ve ilkbaharda, toplam 27 g\u00fcn rekor s\u0131cakl\u0131klar kaydedildi.<\/p>\n<p>Ge\u00e7en y\u0131l 7-31 Temmuz aras\u0131nda 25 g\u00fcn s\u00fcren ve Avrupa&#x27;n\u0131n kay\u0131tlardaki en \u015fiddetli ikinci s\u0131cak hava dalgas\u0131 ya\u015fand\u0131. Ayn\u0131 ay i\u00e7inde \u0130skandinav&#8230;<\/p>\n","protected":false},"excerpt":{"rendered":"<p>\u0130stanbul Teknik \u00dcniversitesi (\u0130T\u00dc) \u0130klim Bilimi ve Meteoroloji M\u00fchendisli\u011fi B\u00f6l\u00fcm\u00fc \u00d6\u011fretim \u00dcyesi Prof. Dr. Mikdat Kad\u0131o\u011flu, ge\u00e7en y\u0131l Avrupa k\u0131tas\u0131n\u0131n y\u00fczde&#8230;<\/p>\n","protected":false},"author":2,"featured_media":30898,"comment_status":"open","ping_status":"open","sticky":false,"template":"","format":"standard","meta":{"footnotes":""},"categories":[6,5],"tags":[],"class_list":["post-30899","post","type-post","status-publish","format-standard","has-post-thumbnail","hentry","category-gundem","category-son-dakika"],"_links":{"self":[{"href":"https:\/\/eskigazeteci.com\/index.php?rest_route=\/wp\/v2\/posts\/30899","targetHints":{"allow":["GET"]}}],"collection":[{"href":"https:\/\/eskigazeteci.com\/index.php?rest_route=\/wp\/v2\/posts"}],"about":[{"href":"https:\/\/eskigazeteci.com\/index.php?rest_route=\/wp\/v2\/types\/post"}],"author":[{"embeddable":true,"href":"https:\/\/eskigazeteci.com\/index.php?rest_route=\/wp\/v2\/users\/2"}],"replies":[{"embeddable":true,"href":"https:\/\/eskigazeteci.com\/index.php?rest_route=%2Fwp%2Fv2%2Fcomments&post=30899"}],"version-history":[{"count":0,"href":"https:\/\/eskigazeteci.com\/index.php?rest_route=\/wp\/v2\/posts\/30899\/revisions"}],"wp:featuredmedia":[{"embeddable":true,"href":"https:\/\/eskigazeteci.com\/index.php?rest_route=\/wp\/v2\/media\/30898"}],"wp:attachment":[{"href":"https:\/\/eskigazeteci.com\/index.php?rest_route=%2Fwp%2Fv2%2Fmedia&parent=30899"}],"wp:term":[{"taxonomy":"category","embeddable":true,"href":"https:\/\/eskigazeteci.com\/index.php?rest_route=%2Fwp%2Fv2%2Fcategories&post=30899"},{"taxonomy":"post_tag","embeddable":true,"href":"https:\/\/eskigazeteci.com\/index.php?rest_route=%2Fwp%2Fv2%2Ftags&post=30899"}],"curies":[{"name":"wp","href":"https:\/\/api.w.org\/{rel}","templated":true}]}}