{"id":30897,"date":"2026-04-30T11:34:58","date_gmt":"2026-04-30T11:34:58","guid":{"rendered":"https:\/\/eskigazeteci.com\/?p=30897"},"modified":"2026-04-30T11:34:58","modified_gmt":"2026-04-30T11:34:58","slug":"ekpss-sonuclari-ne-zaman-aciklanacak-2026-ekpss-sonuc-aciklanma-tarihi-bilgileri","status":"publish","type":"post","link":"https:\/\/eskigazeteci.com\/?p=30897","title":{"rendered":"EKPSS sonu\u00e7lar\u0131 ne zaman a\u00e7\u0131klanacak? 2026 EKPSS sonu\u00e7 a\u00e7\u0131klanma tarihi bilgileri"},"content":{"rendered":"<p>2026 EKPSS, 19 Nisan 2026 tarihinde ger\u00e7ekle\u015ftirildi. S\u0131nav\u0131n ard\u0131ndan adaylar, sonu\u00e7lar\u0131n a\u00e7\u0131klanaca\u011f\u0131 tarihi sab\u0131rs\u0131zl\u0131kla beklemeye ba\u015flam\u0131\u015ft\u0131. EKPSS sonu\u00e7lar\u0131, s\u0131nav\u0131n yap\u0131ld\u0131\u011f\u0131 tarihten itibaren d\u00f6rt y\u0131l s\u00fcreyle ge\u00e7erli olacak. Bu s\u00fcre zarf\u0131nda adaylar, elde ettikleri puanlarla kamu kurum ve kurulu\u015flar\u0131ndaki engelli personel kadrolar\u0131na ba\u015fvuruda bulunabilecekler.<\/p>\n<p>EKPSS SONU\u00c7 TAR\u0130H\u0130 BELL\u0130 OLDU<\/p>\n<p>\u00d6SYM&#x27;nin resmi duyurular\u0131na g\u00f6re, 2026 EKPSS sonu\u00e7lar\u0131 14 May\u0131s 2026 Per\u015fembe g\u00fcn\u00fc a\u00e7\u0131klanacak. Adaylar, s\u0131nav sonu\u00e7lar\u0131na \u00d6SYM&#x27;nin resmi sonu\u00e7 a\u00e7\u0131klama sistemi olan https:\/\/sonuc.osym.gov.tr adresi \u00fczerinden T.C. kimlik numaralar\u0131 ve aday \u015fifreleri ile eri\u015febilecekler.<\/p>\n<p>T\u00fcrkiye&#x27;den ve D\u00fcnya\u2019dan son dakika haberleri, k\u00f6\u015fe yaz\u0131lar\u0131, magazinden siyasete, spordan seyahate b\u00fct\u00fcn konular\u0131n tek adresi Hurriyet.com.tr haber i\u00e7erikleri izin al\u0131nmadan, kaynak g\u00f6sterilerek dahi iktibas edilemez. Kanuna ayk\u0131r\u0131 ve izinsiz olarak kopyalanamaz, ba\u015fka yerde yay\u0131nlanamaz.<\/p>\n","protected":false},"excerpt":{"rendered":"<p>Engelli Kamu Personeli Se\u00e7me S\u0131nav\u0131 (EKPSS) sonu\u00e7lar\u0131n\u0131n ne zaman a\u00e7\u0131klanaca\u011f\u0131, s\u0131nava giren adaylar taraf\u0131ndan b\u00fcy\u00fck bir merakla bekleniyor. \u00d6l\u00e7me, Se\u00e7me ve&#8230;<\/p>\n","protected":false},"author":2,"featured_media":30896,"comment_status":"open","ping_status":"open","sticky":false,"template":"","format":"standard","meta":{"footnotes":""},"categories":[6,5],"tags":[],"class_list":["post-30897","post","type-post","status-publish","format-standard","has-post-thumbnail","hentry","category-gundem","category-son-dakika"],"_links":{"self":[{"href":"https:\/\/eskigazeteci.com\/index.php?rest_route=\/wp\/v2\/posts\/30897","targetHints":{"allow":["GET"]}}],"collection":[{"href":"https:\/\/eskigazeteci.com\/index.php?rest_route=\/wp\/v2\/posts"}],"about":[{"href":"https:\/\/eskigazeteci.com\/index.php?rest_route=\/wp\/v2\/types\/post"}],"author":[{"embeddable":true,"href":"https:\/\/eskigazeteci.com\/index.php?rest_route=\/wp\/v2\/users\/2"}],"replies":[{"embeddable":true,"href":"https:\/\/eskigazeteci.com\/index.php?rest_route=%2Fwp%2Fv2%2Fcomments&post=30897"}],"version-history":[{"count":0,"href":"https:\/\/eskigazeteci.com\/index.php?rest_route=\/wp\/v2\/posts\/30897\/revisions"}],"wp:featuredmedia":[{"embeddable":true,"href":"https:\/\/eskigazeteci.com\/index.php?rest_route=\/wp\/v2\/media\/30896"}],"wp:attachment":[{"href":"https:\/\/eskigazeteci.com\/index.php?rest_route=%2Fwp%2Fv2%2Fmedia&parent=30897"}],"wp:term":[{"taxonomy":"category","embeddable":true,"href":"https:\/\/eskigazeteci.com\/index.php?rest_route=%2Fwp%2Fv2%2Fcategories&post=30897"},{"taxonomy":"post_tag","embeddable":true,"href":"https:\/\/eskigazeteci.com\/index.php?rest_route=%2Fwp%2Fv2%2Ftags&post=30897"}],"curies":[{"name":"wp","href":"https:\/\/api.w.org\/{rel}","templated":true}]}}