{"id":30895,"date":"2026-04-30T11:26:32","date_gmt":"2026-04-30T11:26:32","guid":{"rendered":"https:\/\/eskigazeteci.com\/?p=30895"},"modified":"2026-04-30T11:26:32","modified_gmt":"2026-04-30T11:26:32","slug":"istanbul-valiliginden-1-mayis-aciklamasi-kutlama-yapilacak-yerler-belli-oldu","status":"publish","type":"post","link":"https:\/\/eskigazeteci.com\/?p=30895","title":{"rendered":"\u0130stanbul Valili\u011fi&#8217;nden 1 May\u0131s a\u00e7\u0131klamas\u0131: Kutlama yap\u0131lacak yerler belli oldu"},"content":{"rendered":"<p>A\u00e7\u0131klamada &quot; 1 May\u0131s Emek ve Dayan\u0131\u015fma G\u00fcn\u00fc, t\u00fcm d\u00fcnyada oldu\u011fu gibi \u0130stanbul\u2019da da \u00e7e\u015fitli etkinliklerle kutlanacakt\u0131r. Bu kapsamda; D\u0130SK, KESK, TMMOB ve TTB Kad\u0131k\u00f6y R\u0131ht\u0131m Meydan\u0131 i\u00e7in, TKP ise Kartal Meydan\u0131 i\u00e7in Valili\u011fimize resmi ba\u015fvuruda bulunmu\u015ftur. Taraf\u0131m\u0131zca yap\u0131lan de\u011ferlendirmeler sonucunda s\u00f6z konusu ba\u015fvurular uygun g\u00f6r\u00fclm\u00fc\u015f ve onaylanm\u0131\u015ft\u0131r.<\/p>\n<p>1 May\u0131s Emek ve Dayan\u0131\u015fma G\u00fcn\u00fc kutlamalar\u0131 \u00e7er\u00e7evesinde; D\u0130SK, KESK, TMMOB ve TTB Kad\u0131k\u00f6y R\u0131ht\u0131m Meydan\u0131\u2019nda 10.00 \u2013 17.00 saatleri aras\u0131nda, TKP ise Kartal Meydan\u0131\u2019nda 12.00 &#8211; 19.00 saatleri aras\u0131nda kutlama programlar\u0131n\u0131 yapacakt\u0131r.<\/p>\n<p>Bu etkinlikler d\u0131\u015f\u0131nda ilimiz genelinde 1 May\u0131s Emek ve Dayan\u0131\u015fma G\u00fcn\u00fc program\u0131 yap\u0131lmayacakt\u0131r. \u0130stanbul \u2019umuzun, 1 May\u0131s Emek ve Dayan\u0131\u015fma G\u00fcn\u00fc\u2019n\u00fc huzur i\u00e7inde ge\u00e7irebilmesi amac\u0131yla Valili\u011fimizce; Beyo\u011flu, \u015ei\u015fli, Fatih ve Be\u015fikta\u015f il\u00e7elerinde 1 May\u0131s 2026 Cuma g\u00fcn\u00fc 00.01 \u2013 23.59 saatleri aras\u0131nda her t\u00fcrl\u00fc miting, bas\u0131n a\u00e7\u0131klamas\u0131, a\u00e7\u0131k yer toplant\u0131lar\u0131 ile g\u00f6steri y\u00fcr\u00fcy\u00fc\u015fleri, \u00e7ad\u0131r kurma, stant a\u00e7ma, oturma eylemi, imza kampanyas\u0131, anma t\u00f6reni vb. t\u00fcrdeki eylem ve etkinlikler, 5442 say\u0131l\u0131 \u0130l \u0130daresi Kanunu\u2019nun 11. maddesinin (a) ve (c) bentleri ile 2911 say\u0131l\u0131 Toplant\u0131 ve G\u00f6steri&#8230;<\/p>\n","protected":false},"excerpt":{"rendered":"<p>\u0130stanbul Valili\u011fi&#8217;nden yap\u0131lan a\u00e7\u0131klamada 1 May\u0131s Emek ve Dayan\u0131\u015fma G\u00fcn\u00fc&#8217;nde izinli miting ve kutlamalar d\u0131\u015f\u0131nda hi\u00e7bir izinsiz g\u00f6steri, y\u00fcr\u00fcy\u00fc\u015f, protesto ya&#8230;<\/p>\n","protected":false},"author":2,"featured_media":30894,"comment_status":"open","ping_status":"open","sticky":false,"template":"","format":"standard","meta":{"footnotes":""},"categories":[6,5],"tags":[],"class_list":["post-30895","post","type-post","status-publish","format-standard","has-post-thumbnail","hentry","category-gundem","category-son-dakika"],"_links":{"self":[{"href":"https:\/\/eskigazeteci.com\/index.php?rest_route=\/wp\/v2\/posts\/30895","targetHints":{"allow":["GET"]}}],"collection":[{"href":"https:\/\/eskigazeteci.com\/index.php?rest_route=\/wp\/v2\/posts"}],"about":[{"href":"https:\/\/eskigazeteci.com\/index.php?rest_route=\/wp\/v2\/types\/post"}],"author":[{"embeddable":true,"href":"https:\/\/eskigazeteci.com\/index.php?rest_route=\/wp\/v2\/users\/2"}],"replies":[{"embeddable":true,"href":"https:\/\/eskigazeteci.com\/index.php?rest_route=%2Fwp%2Fv2%2Fcomments&post=30895"}],"version-history":[{"count":0,"href":"https:\/\/eskigazeteci.com\/index.php?rest_route=\/wp\/v2\/posts\/30895\/revisions"}],"wp:featuredmedia":[{"embeddable":true,"href":"https:\/\/eskigazeteci.com\/index.php?rest_route=\/wp\/v2\/media\/30894"}],"wp:attachment":[{"href":"https:\/\/eskigazeteci.com\/index.php?rest_route=%2Fwp%2Fv2%2Fmedia&parent=30895"}],"wp:term":[{"taxonomy":"category","embeddable":true,"href":"https:\/\/eskigazeteci.com\/index.php?rest_route=%2Fwp%2Fv2%2Fcategories&post=30895"},{"taxonomy":"post_tag","embeddable":true,"href":"https:\/\/eskigazeteci.com\/index.php?rest_route=%2Fwp%2Fv2%2Ftags&post=30895"}],"curies":[{"name":"wp","href":"https:\/\/api.w.org\/{rel}","templated":true}]}}