{"id":30891,"date":"2026-04-30T11:16:36","date_gmt":"2026-04-30T11:16:36","guid":{"rendered":"https:\/\/eskigazeteci.com\/?p=30891"},"modified":"2026-04-30T11:16:36","modified_gmt":"2026-04-30T11:16:36","slug":"bakan-tekin-bize-dusen-butun-kirilmalari-dikkatle-okumaktir","status":"publish","type":"post","link":"https:\/\/eskigazeteci.com\/?p=30891","title":{"rendered":"Bakan Tekin: Bize d\u00fc\u015fen b\u00fct\u00fcn k\u0131r\u0131lmalar\u0131 dikkatle okumakt\u0131r"},"content":{"rendered":"<p>\u0130leti\u015fim Ba\u015fkanl\u0131\u011f\u0131 binas\u0131nda &#x27;Dijital \u00c7a\u011fda G\u00fcvenli Toplum: Riskler ve \u00c7\u00f6z\u00fcmler&#x27; konulu panel d\u00fczenlendi. Panele, Milli E\u011fitim Bakan\u0131 Yusuf Tekin ile \u0130leti\u015fim Ba\u015fkan\u0131 Burhanettin Duran ve \u00e7ok say\u0131da davetli kat\u0131ld\u0131. Burada konu\u015fan Bakan Tekin, \u015eanl\u0131urfa ve Kahramanmara\u015f&#x27;ta meydana gelen okul sald\u0131r\u0131larda hayat\u0131n\u0131 kaybedenleri and\u0131. Tekin, bug\u00fcn \u00e7ocuklar\u0131n iki ayr\u0131 d\u00fcnyada ya\u015fad\u0131\u011f\u0131n\u0131 belirterek, &quot;S\u0131n\u0131rlar\u0131n\u0131 \u00e7o\u011fu zaman bizim g\u00f6remedi\u011fimiz, dilini tam olarak \u00e7\u00f6zemedi\u011fimiz, kurallar\u0131n\u0131 k\u00fcresel platformlar\u0131n belirledi\u011fi, duygular\u0131 ve davran\u0131\u015flar\u0131 y\u00f6nlendiren devasa bir dijital evren var. \u00c7ocuklar\u0131m\u0131z belki odas\u0131nda oturuyor evet ama zihni d\u00fcnyan\u0131n \u00f6b\u00fcr ucundaki bir \u015fiddet anlat\u0131s\u0131na, bir \u00f6fke grubuna, bir yaln\u0131zl\u0131k k\u00fclt\u00fcr\u00fcne, bir intikam fantezisine, bir sahte aidiyet vaadine temas edebiliyor. Eskiden \u00e7ocuklar\u0131m\u0131z\u0131n halini b\u00fcy\u00fck \u00f6l\u00e7\u00fcde y\u00fcz\u00fcnden, arkada\u015f \u00e7evresinden, okul i\u00e7indeki davran\u0131\u015flar\u0131ndan, evdeki tavr\u0131ndan \u00e7\u00f6z\u00fcmleyebiliyorduk. Ama bug\u00fcn \u00e7ocuklar\u0131m\u0131z\u0131n g\u00fcndelik hayat\u0131 g\u00f6z\u00fcm\u00fcz\u00fcn \u00f6n\u00fcnde akarken, onlar\u0131 etkileyen i\u00e7eriklerin, seslerin, sembollerin ve telkinlerin \u00f6nemli bir k\u0131sm\u0131 g\u00f6remedi\u011fimiz bir alanda \u015fekilleniyor. Bizler bu yeni \u00e7a\u011f\u0131n eski sakinleri olarak, dijital d\u00fcnyan\u0131n&#8230;<\/p>\n","protected":false},"excerpt":{"rendered":"<p>Milli E\u011fitim Bakan\u0131 Yusuf Tekin, T\u00fcrkiye Y\u00fczy\u0131l\u0131 Maarif Modeli&#8217;nin oda\u011f\u0131nda &#8216;iyi insan&#8217; profili var. \u0130yi insan yeti\u015ftirdi\u011fimizde bu bizi sa\u011fl\u0131kl\u0131 ve huzurlu&#8230;<\/p>\n","protected":false},"author":2,"featured_media":30890,"comment_status":"open","ping_status":"open","sticky":false,"template":"","format":"standard","meta":{"footnotes":""},"categories":[6,5],"tags":[],"class_list":["post-30891","post","type-post","status-publish","format-standard","has-post-thumbnail","hentry","category-gundem","category-son-dakika"],"_links":{"self":[{"href":"https:\/\/eskigazeteci.com\/index.php?rest_route=\/wp\/v2\/posts\/30891","targetHints":{"allow":["GET"]}}],"collection":[{"href":"https:\/\/eskigazeteci.com\/index.php?rest_route=\/wp\/v2\/posts"}],"about":[{"href":"https:\/\/eskigazeteci.com\/index.php?rest_route=\/wp\/v2\/types\/post"}],"author":[{"embeddable":true,"href":"https:\/\/eskigazeteci.com\/index.php?rest_route=\/wp\/v2\/users\/2"}],"replies":[{"embeddable":true,"href":"https:\/\/eskigazeteci.com\/index.php?rest_route=%2Fwp%2Fv2%2Fcomments&post=30891"}],"version-history":[{"count":0,"href":"https:\/\/eskigazeteci.com\/index.php?rest_route=\/wp\/v2\/posts\/30891\/revisions"}],"wp:featuredmedia":[{"embeddable":true,"href":"https:\/\/eskigazeteci.com\/index.php?rest_route=\/wp\/v2\/media\/30890"}],"wp:attachment":[{"href":"https:\/\/eskigazeteci.com\/index.php?rest_route=%2Fwp%2Fv2%2Fmedia&parent=30891"}],"wp:term":[{"taxonomy":"category","embeddable":true,"href":"https:\/\/eskigazeteci.com\/index.php?rest_route=%2Fwp%2Fv2%2Fcategories&post=30891"},{"taxonomy":"post_tag","embeddable":true,"href":"https:\/\/eskigazeteci.com\/index.php?rest_route=%2Fwp%2Fv2%2Ftags&post=30891"}],"curies":[{"name":"wp","href":"https:\/\/api.w.org\/{rel}","templated":true}]}}