{"id":30889,"date":"2026-04-30T11:15:01","date_gmt":"2026-04-30T11:15:01","guid":{"rendered":"https:\/\/eskigazeteci.com\/?p=30889"},"modified":"2026-04-30T11:15:01","modified_gmt":"2026-04-30T11:15:01","slug":"red-bull-ucus-gunune-bir-ayda-yogun-ilgi","status":"publish","type":"post","link":"https:\/\/eskigazeteci.com\/?p=30889","title":{"rendered":"Red Bull U\u00e7u\u015f G\u00fcn\u00fc\u2019ne bir ayda yo\u011fun ilgi"},"content":{"rendered":"<p>Yarat\u0131c\u0131l\u0131k, cesaret ve e\u011flenceyi bir araya getiren Red Bull U\u00e7u\u015f G\u00fcn\u00fc , \u0130stanbul \u2019a d\u00f6n\u00fc\u015f\u00fc \u00f6ncesinde yo\u011fun ilgi g\u00f6rmeye devam ediyor. 23 A\u011fustos Pazar g\u00fcn\u00fc Caddebostan Sahili\u2019nde ger\u00e7ekle\u015fecek etkinlik i\u00e7in \u015fu ana kadar 1223 tak\u0131m ba\u015fvurusunu tamamlad\u0131. Tasar\u0131mlar\u0131n\u0131 sisteme y\u00fckleyen ekipler aras\u0131ndan se\u00e7ilecek 40 tak\u0131m, kendi tasarlad\u0131klar\u0131 ve insan g\u00fcc\u00fcyle \u00e7al\u0131\u015fan u\u00e7u\u015f makineleriyle rampadan denize s\u00fcz\u00fclmeye \u00e7al\u0131\u015facak.<\/p>\n<p>Bu y\u0131l \u201cU\u00e7u\u015f Serbest\u201d temas\u0131yla ger\u00e7ekle\u015fecek Red Bull U\u00e7u\u015f G\u00fcn\u00fc\u2019nde tak\u0131mlar u\u00e7u\u015f mesafelerinin yan\u0131 s\u0131ra, yarat\u0131c\u0131l\u0131klar\u0131, kost\u00fcmleri, tasarlad\u0131klar\u0131 ara\u00e7lar ve sahne performanslar\u0131yla da j\u00fcri kar\u015f\u0131s\u0131na \u00e7\u0131kacak. Hayal g\u00fcc\u00fcn\u00fcn \u00f6n planda oldu\u011fu etkinlikte ekipler, haz\u0131rlad\u0131klar\u0131 konseptlerle Caddebostan Sahili\u2019nde festival atmosferi yaratacak.<\/p>\n<p>Red Bull U\u00e7u\u015f G\u00fcn\u00fc\u2019nde 40 Tak\u0131m Yar\u0131\u015facak<\/p>\n<p>D\u00f6rder ki\u015fiden olu\u015fan ekiplerin yar\u0131\u015faca\u011f\u0131 etkinlikte kontenjan yaln\u0131zca 40 tak\u0131mla s\u0131n\u0131rl\u0131 olacak. Ba\u015fvuru s\u00fcrecinin devam etti\u011fi organizasyonda ekipler, u\u00e7u\u015f makinelerinin \u00e7izimlerini ve konseptlerini y\u00fckleyerek de\u011ferlendirme s\u00fcrecine dahil oluyor.<\/p>\n<p>\u0130lk kez 1992 y\u0131l\u0131nda Avusturya\u2019n\u0131n Viyana kentinde d\u00fczenlenen Red Bull U\u00e7u\u015f G\u00fcn\u00fc, bug\u00fcne kadar d\u00fcnya genelinde 185\u2019ten fazla kez&#8230;<\/p>\n","protected":false},"excerpt":{"rendered":"<p>D\u00f6rt y\u0131l aran\u0131n ard\u0131ndan yeniden \u0130stanbul\u2019a d\u00f6nmeye haz\u0131rlanan Red Bull U\u00e7u\u015f G\u00fcn\u00fc\u2019ne ilgi b\u00fcy\u00fcyor. 23 A\u011fustos Pazar g\u00fcn\u00fc Caddebostan Sahili\u2019nde ger\u00e7ekle\u015fecek&#8230;<\/p>\n","protected":false},"author":2,"featured_media":30888,"comment_status":"open","ping_status":"open","sticky":false,"template":"","format":"standard","meta":{"footnotes":""},"categories":[5,7],"tags":[],"class_list":["post-30889","post","type-post","status-publish","format-standard","has-post-thumbnail","hentry","category-son-dakika","category-spor"],"_links":{"self":[{"href":"https:\/\/eskigazeteci.com\/index.php?rest_route=\/wp\/v2\/posts\/30889","targetHints":{"allow":["GET"]}}],"collection":[{"href":"https:\/\/eskigazeteci.com\/index.php?rest_route=\/wp\/v2\/posts"}],"about":[{"href":"https:\/\/eskigazeteci.com\/index.php?rest_route=\/wp\/v2\/types\/post"}],"author":[{"embeddable":true,"href":"https:\/\/eskigazeteci.com\/index.php?rest_route=\/wp\/v2\/users\/2"}],"replies":[{"embeddable":true,"href":"https:\/\/eskigazeteci.com\/index.php?rest_route=%2Fwp%2Fv2%2Fcomments&post=30889"}],"version-history":[{"count":0,"href":"https:\/\/eskigazeteci.com\/index.php?rest_route=\/wp\/v2\/posts\/30889\/revisions"}],"wp:featuredmedia":[{"embeddable":true,"href":"https:\/\/eskigazeteci.com\/index.php?rest_route=\/wp\/v2\/media\/30888"}],"wp:attachment":[{"href":"https:\/\/eskigazeteci.com\/index.php?rest_route=%2Fwp%2Fv2%2Fmedia&parent=30889"}],"wp:term":[{"taxonomy":"category","embeddable":true,"href":"https:\/\/eskigazeteci.com\/index.php?rest_route=%2Fwp%2Fv2%2Fcategories&post=30889"},{"taxonomy":"post_tag","embeddable":true,"href":"https:\/\/eskigazeteci.com\/index.php?rest_route=%2Fwp%2Fv2%2Ftags&post=30889"}],"curies":[{"name":"wp","href":"https:\/\/api.w.org\/{rel}","templated":true}]}}