{"id":30887,"date":"2026-04-30T11:06:31","date_gmt":"2026-04-30T11:06:31","guid":{"rendered":"https:\/\/eskigazeteci.com\/?p=30887"},"modified":"2026-04-30T11:06:31","modified_gmt":"2026-04-30T11:06:31","slug":"japonya-ve-cinden-ilceye-geliyorlar-turkiyede-bir-ilk-olacak-insanlik-tarihinin-ortak-noktalarindan-biri-ne-kadar-surerse-sursun","status":"publish","type":"post","link":"https:\/\/eskigazeteci.com\/?p=30887","title":{"rendered":"Japonya ve \u00c7in&#8217;den il\u00e7eye geliyorlar: T\u00fcrkiye&#8217;de bir ilk olacak! &#8216;\u0130nsanl\u0131k tarihinin ortak noktalar\u0131ndan biri, ne kadar s\u00fcrerse s\u00fcrs\u00fcn&#8230;&#8217;"},"content":{"rendered":"<p>\u015eanl\u0131urfa &#x27;n\u0131n Karak\u00f6pr\u00fc il\u00e7esindeki Ayanlar H\u00f6y\u00fck ve Yo\u011funbur\u00e7&#x27;ta, G\u00f6beklitepe ve Karahantepe gibi Neolitik d\u00f6nemin izinin s\u00fcr\u00fclmesi i\u00e7in Ta\u015f Tepeler Projesi kapsam\u0131nda \u00e7al\u0131\u015fmalar yap\u0131lacak.<\/p>\n<p>Ta\u015f Tepeler Koordinat\u00f6r\u00fc Prof. Dr. Necmi Karul, Ayanlar H\u00f6y\u00fck kaz\u0131s\u0131n\u0131 ge\u00e7en y\u0131l Japonya Prensesi Akiko Mikasa&#x27;n\u0131n, K\u00fclt\u00fcr ve Turizm Bakan\u0131 Mehmet Nuri Ersoy ile kaz\u0131 alan\u0131n\u0131 ziyaret etti\u011fini ve Prenses Akiko&#x27;nun ilk kazmay\u0131 vurdu\u011funu an\u0131msatt\u0131.<\/p>\n<p>Prof. Dr. Karul, yak\u0131n d\u00f6nemde ba\u015flayacak Ayanlar kaz\u0131s\u0131ndaki \u00e7al\u0131\u015fmalar\u0131n uzun soluklu olaca\u011f\u0131n\u0131 belirterek, \u015funlar\u0131 kaydetti:<\/p>\n<p>&quot;Japonlar yak\u0131nda gelip Ayanlar&#x27;da \u00e7al\u0131\u015facak. Japon meslekta\u015flar\u0131m\u0131z, uzun erimli bir plan i\u00e7erisindeler. \u00c7al\u0131\u015fma ba\u015flamadan alt yap\u0131lar\u0131n\u0131 kurdular, kaz\u0131 evleri ve alandaki di\u011fer \u00f6n belgeleme \u00e7al\u0131\u015fmalar\u0131 dahil yapt\u0131lar. Uzun bir \u00e7al\u0131\u015fma olaca\u011f\u0131n\u0131 biliyoruz ki daha \u00f6ncesinde Japon meslekta\u015flar\u0131m\u0131z\u0131n T\u00fcrkiye&#x27;de yapt\u0131\u011f\u0131 \u00e7al\u0131\u015fmalardan bunu g\u00f6r\u00fcyoruz. Ayanlar kaz\u0131s\u0131nda k\u0131sa s\u00fcrede bir sonu\u00e7 almay\u0131 isteyen de\u011fil, ne kadar s\u00fcrerse s\u00fcrs\u00fcn, en do\u011frusunu yapmak konusunda iradesi olan bir toplum ve bir arkeoloji ekibinden bahsediyoruz. Japon meslekta\u015flar\u0131m\u0131z\u0131n projeye \u00e7ok \u015fey kataca\u011f\u0131na inan\u0131yoruz.&quot; &quot;YO\u011eUNBUR\u00c7&#x27;TA KAZI \u0130LK KEZ&#8230;<\/p>\n","protected":false},"excerpt":{"rendered":"<p>Ta\u015f Tepeler Projesi kapsam\u0131nda \u015eanl\u0131urfa&#8217;daki Neolitik yerle\u015fimlerde y\u00fcr\u00fct\u00fclen kaz\u0131 \u00e7al\u0131\u015fmalar\u0131, Japon ve \u00c7inli arkeologlar\u0131n kat\u0131l\u0131m\u0131yla uluslararas\u0131 boyuta&#8230;<\/p>\n","protected":false},"author":2,"featured_media":30886,"comment_status":"open","ping_status":"open","sticky":false,"template":"","format":"standard","meta":{"footnotes":""},"categories":[6,5],"tags":[],"class_list":["post-30887","post","type-post","status-publish","format-standard","has-post-thumbnail","hentry","category-gundem","category-son-dakika"],"_links":{"self":[{"href":"https:\/\/eskigazeteci.com\/index.php?rest_route=\/wp\/v2\/posts\/30887","targetHints":{"allow":["GET"]}}],"collection":[{"href":"https:\/\/eskigazeteci.com\/index.php?rest_route=\/wp\/v2\/posts"}],"about":[{"href":"https:\/\/eskigazeteci.com\/index.php?rest_route=\/wp\/v2\/types\/post"}],"author":[{"embeddable":true,"href":"https:\/\/eskigazeteci.com\/index.php?rest_route=\/wp\/v2\/users\/2"}],"replies":[{"embeddable":true,"href":"https:\/\/eskigazeteci.com\/index.php?rest_route=%2Fwp%2Fv2%2Fcomments&post=30887"}],"version-history":[{"count":0,"href":"https:\/\/eskigazeteci.com\/index.php?rest_route=\/wp\/v2\/posts\/30887\/revisions"}],"wp:featuredmedia":[{"embeddable":true,"href":"https:\/\/eskigazeteci.com\/index.php?rest_route=\/wp\/v2\/media\/30886"}],"wp:attachment":[{"href":"https:\/\/eskigazeteci.com\/index.php?rest_route=%2Fwp%2Fv2%2Fmedia&parent=30887"}],"wp:term":[{"taxonomy":"category","embeddable":true,"href":"https:\/\/eskigazeteci.com\/index.php?rest_route=%2Fwp%2Fv2%2Fcategories&post=30887"},{"taxonomy":"post_tag","embeddable":true,"href":"https:\/\/eskigazeteci.com\/index.php?rest_route=%2Fwp%2Fv2%2Ftags&post=30887"}],"curies":[{"name":"wp","href":"https:\/\/api.w.org\/{rel}","templated":true}]}}