{"id":30885,"date":"2026-04-30T11:04:58","date_gmt":"2026-04-30T11:04:58","guid":{"rendered":"https:\/\/eskigazeteci.com\/?p=30885"},"modified":"2026-04-30T11:04:58","modified_gmt":"2026-04-30T11:04:58","slug":"kemer-country-club-bahara-merhaba-kupasi-ismet-acar-kupasi-engel-atlama-yarismalari-2","status":"publish","type":"post","link":"https:\/\/eskigazeteci.com\/?p=30885","title":{"rendered":"Kemer Country Club Bahara Merhaba Kupas\u0131 &amp; \u0130smet Acar Kupas\u0131 Engel Atlama Yar\u0131\u015fmalar\u0131 2"},"content":{"rendered":"<p>T\u00fcrkiye Binicilik Federasyonu\u2019na kay\u0131tl\u0131 t\u00fcm binicilere a\u00e7\u0131k olacak yar\u0131\u015fmalara, T\u00fcrkiye\u2019nin farkl\u0131 b\u00f6lgelerinden en iyi at ve binicilerin yan\u0131 s\u0131ra camian\u0131n \u00f6nde gelen tan\u0131nm\u0131\u015f isimleri ve deneyimli gen\u00e7 biniciler de kat\u0131lacak.<\/p>\n<p>Birbirinden farkl\u0131 kategorilerde, her g\u00fcn be\u015f kategoride ger\u00e7ekle\u015fecek yar\u0131\u015fmalar\u0131n en prestijli 135 cm ve 140 cm Grand Prix yar\u0131\u015fmalar\u0131 \u0130smet Acar ad\u0131na d\u00fczenlenecek.<\/p>\n<p>T\u00fcm atl\u0131 spor severler davetli oldu\u011fu yar\u0131\u015fmalar\u0131n medya deste\u011fini ise, t\u00fcm organizasyonlarda oldu\u011fu gibi, Radyo D ve Demir\u00f6ren Medya \u00fcstlenecek.<\/p>\n<p>T\u00fcrkiye&#x27;den ve D\u00fcnya\u2019dan son dakika haberleri, k\u00f6\u015fe yaz\u0131lar\u0131, magazinden siyasete, spordan seyahate b\u00fct\u00fcn konular\u0131n tek adresi Hurriyet.com.tr haber i\u00e7erikleri izin al\u0131nmadan, kaynak g\u00f6sterilerek dahi iktibas edilemez. Kanuna ayk\u0131r\u0131 ve izinsiz olarak kopyalanamaz, ba\u015fka yerde yay\u0131nlanamaz.<\/p>\n","protected":false},"excerpt":{"rendered":"<p>Kemer Atl\u0131 Spor Kul\u00fcb\u00fcnde 2\u20133 May\u0131s 2026 tarihlerinde d\u00fczenlenecek Kemer Country Club Bahara Merhaba Kupas\u0131 &amp; \u0130smet Acar Kupas\u0131 Engel Atlama Yar\u0131\u015fmalar\u0131,&#8230;<\/p>\n","protected":false},"author":2,"featured_media":30884,"comment_status":"open","ping_status":"open","sticky":false,"template":"","format":"standard","meta":{"footnotes":""},"categories":[5,7],"tags":[],"class_list":["post-30885","post","type-post","status-publish","format-standard","has-post-thumbnail","hentry","category-son-dakika","category-spor"],"_links":{"self":[{"href":"https:\/\/eskigazeteci.com\/index.php?rest_route=\/wp\/v2\/posts\/30885","targetHints":{"allow":["GET"]}}],"collection":[{"href":"https:\/\/eskigazeteci.com\/index.php?rest_route=\/wp\/v2\/posts"}],"about":[{"href":"https:\/\/eskigazeteci.com\/index.php?rest_route=\/wp\/v2\/types\/post"}],"author":[{"embeddable":true,"href":"https:\/\/eskigazeteci.com\/index.php?rest_route=\/wp\/v2\/users\/2"}],"replies":[{"embeddable":true,"href":"https:\/\/eskigazeteci.com\/index.php?rest_route=%2Fwp%2Fv2%2Fcomments&post=30885"}],"version-history":[{"count":0,"href":"https:\/\/eskigazeteci.com\/index.php?rest_route=\/wp\/v2\/posts\/30885\/revisions"}],"wp:featuredmedia":[{"embeddable":true,"href":"https:\/\/eskigazeteci.com\/index.php?rest_route=\/wp\/v2\/media\/30884"}],"wp:attachment":[{"href":"https:\/\/eskigazeteci.com\/index.php?rest_route=%2Fwp%2Fv2%2Fmedia&parent=30885"}],"wp:term":[{"taxonomy":"category","embeddable":true,"href":"https:\/\/eskigazeteci.com\/index.php?rest_route=%2Fwp%2Fv2%2Fcategories&post=30885"},{"taxonomy":"post_tag","embeddable":true,"href":"https:\/\/eskigazeteci.com\/index.php?rest_route=%2Fwp%2Fv2%2Ftags&post=30885"}],"curies":[{"name":"wp","href":"https:\/\/api.w.org\/{rel}","templated":true}]}}