{"id":30883,"date":"2026-04-30T10:54:59","date_gmt":"2026-04-30T10:54:59","guid":{"rendered":"https:\/\/eskigazeteci.com\/?p=30883"},"modified":"2026-04-30T10:54:59","modified_gmt":"2026-04-30T10:54:59","slug":"1-mayis-kapali-yollar-listesi-1-mayis-2026-cuma-gunu-istanbul-ankara-izmirde-hangi-yollar-kapali","status":"publish","type":"post","link":"https:\/\/eskigazeteci.com\/?p=30883","title":{"rendered":"1 MAYIS KAPALI YOLLAR L\u0130STES\u0130: 1 May\u0131s 2026 Cuma g\u00fcn\u00fc \u0130stanbul, Ankara, \u0130zmir&#8217;de hangi yollar kapal\u0131?"},"content":{"rendered":"<p>1 May\u0131s kapal\u0131 yollar 2026 \u0130stanbul, Ankara, \u0130zmir ba\u015fta olmak \u00fczere pek \u00e7ok ilde ara\u015ft\u0131r\u0131l\u0131yor. Bilindi\u011fi \u00fczere &quot;1 May\u0131s Emek ve Dayan\u0131\u015fma G\u00fcn\u00fc&quot; olarak kutlan\u0131yor ve resmi tatil olarak kabul g\u00f6r\u00fcyor. 1 May\u0131s resmi tatil nedeniyle trafik ve toplu ta\u015f\u0131ma ara\u00e7lar\u0131nda yo\u011funluk olmas\u0131 bekleniyor. 1 May\u0131s \u0130\u015f\u00e7i Bayram\u0131 nedeniyle Taksim Meydan\u0131&#x27;na demir bariyerler getirildi. Peki, 1 May\u0131s&#x27;ta Taksim kapal\u0131 m\u0131, hangi yollar trafi\u011fe kapal\u0131 olacak? \u0130\u015fte detaylar&#8230;<\/p>\n<p>1 MAYIS \u0130STANBUL TRAF\u0130\u011eE KAPALI YOLLAR \u0130stanbul&#x27;da g\u00fcvenlik \u00f6nlemleri kapsam\u0131nda \u00f6zellikle Beyo\u011flu ve Be\u015fikta\u015f b\u00f6lgelerinde geni\u015f \u00e7apl\u0131 k\u0131s\u0131tlamalar uygulanacakt\u0131r. TRAF\u0130\u011eE KAPATILACAK YOLLAR (SABAH 06.00 \u0130T\u0130BARIYLA) \u2022Taksim Meydan\u0131: Meydana \u00e7\u0131kan t\u00fcm giri\u015f ve \u00e7\u0131k\u0131\u015flar. \u2022S\u0131raselviler Caddesi: Tamamen trafi\u011fe kapat\u0131lacakt\u0131r. \u2022\u0130stiklal Caddesi: Caddeye \u00e7\u0131kan t\u00fcm ara sokaklar. \u2022\u015ei\u015fhane: Ba\u011flant\u0131 yollar\u0131 ve \u00e7evre sokaklar. \u2022Kabata\u015f: \u0130skele \u00e7evresi ve ba\u011flant\u0131 yollar\u0131. \u2022Barbaros Bulvar\u0131: K\u0131smi \u015ferit kapatmalar\u0131 ve y\u00f6nlendirmeler yap\u0131lacakt\u0131r. TOPLU TA\u015eIMA D\u00dcZENLEMELER\u0130 Metro (M2 Hatt\u0131): Taksim ve \u015ei\u015fhane istasyonlar\u0131 ge\u00e7ici olarak hizmete kapal\u0131 olacakt\u0131r. F\u00fcnik\u00fcler: F1 Kabata\u015f-Taksim hatt\u0131 seferleri durdurulmu\u015ftur. Vapur\/Motor:&#8230;<\/p>\n","protected":false},"excerpt":{"rendered":"<p>1 May\u0131s trafi\u011fe kapal\u0131 yollar listesi s\u00fcr\u00fcc\u00fcler taraf\u0131ndan merak ediliyor. Ankara ve \u0130stanbul kapal\u0131 yollar listesi 1 May\u0131s i\u015f\u00e7i bayram\u0131 kapsam\u0131nda&#8230;<\/p>\n","protected":false},"author":2,"featured_media":30882,"comment_status":"open","ping_status":"open","sticky":false,"template":"","format":"standard","meta":{"footnotes":""},"categories":[6,5],"tags":[],"class_list":["post-30883","post","type-post","status-publish","format-standard","has-post-thumbnail","hentry","category-gundem","category-son-dakika"],"_links":{"self":[{"href":"https:\/\/eskigazeteci.com\/index.php?rest_route=\/wp\/v2\/posts\/30883","targetHints":{"allow":["GET"]}}],"collection":[{"href":"https:\/\/eskigazeteci.com\/index.php?rest_route=\/wp\/v2\/posts"}],"about":[{"href":"https:\/\/eskigazeteci.com\/index.php?rest_route=\/wp\/v2\/types\/post"}],"author":[{"embeddable":true,"href":"https:\/\/eskigazeteci.com\/index.php?rest_route=\/wp\/v2\/users\/2"}],"replies":[{"embeddable":true,"href":"https:\/\/eskigazeteci.com\/index.php?rest_route=%2Fwp%2Fv2%2Fcomments&post=30883"}],"version-history":[{"count":0,"href":"https:\/\/eskigazeteci.com\/index.php?rest_route=\/wp\/v2\/posts\/30883\/revisions"}],"wp:featuredmedia":[{"embeddable":true,"href":"https:\/\/eskigazeteci.com\/index.php?rest_route=\/wp\/v2\/media\/30882"}],"wp:attachment":[{"href":"https:\/\/eskigazeteci.com\/index.php?rest_route=%2Fwp%2Fv2%2Fmedia&parent=30883"}],"wp:term":[{"taxonomy":"category","embeddable":true,"href":"https:\/\/eskigazeteci.com\/index.php?rest_route=%2Fwp%2Fv2%2Fcategories&post=30883"},{"taxonomy":"post_tag","embeddable":true,"href":"https:\/\/eskigazeteci.com\/index.php?rest_route=%2Fwp%2Fv2%2Ftags&post=30883"}],"curies":[{"name":"wp","href":"https:\/\/api.w.org\/{rel}","templated":true}]}}