{"id":30875,"date":"2026-04-30T10:34:57","date_gmt":"2026-04-30T10:34:57","guid":{"rendered":"https:\/\/eskigazeteci.com\/?p=30875"},"modified":"2026-04-30T10:34:57","modified_gmt":"2026-04-30T10:34:57","slug":"murat-kaan-gunaydin-kimdir-ne-is-yapiyor-vucut-gelistirme-sporcusu-murat-kaan-gunaydin-komsusunu-bicaklayarak-oldurdu","status":"publish","type":"post","link":"https:\/\/eskigazeteci.com\/?p=30875","title":{"rendered":"Murat Kaan G\u00fcnayd\u0131n kimdir, ne i\u015f yap\u0131yor? V\u00fccut geli\u015ftirme sporcusu Murat Kaan G\u00fcnayd\u0131n kom\u015fusunu b\u0131\u00e7aklayarak \u00f6ld\u00fcrd\u00fc!"},"content":{"rendered":"<p>Spor camias\u0131nda tan\u0131nan sosyal medya fenomeni Murat Kaan G\u00fcnayd\u0131n cinayet haberiyle g\u00fcndeme geldi. Beykoz Kavac\u0131k Mahallesi\u2019nde 24 Nisan ak\u015fam\u0131 saat 20.30 s\u0131ralar\u0131nda meydana gelen olayda, iddiaya g\u00f6re su sipari\u015fi getiren kurye ile 23 ya\u015f\u0131ndaki sporcu Murat Kaan G\u00fcnayd\u0131n aras\u0131nda tart\u0131\u015fma \u00e7\u0131kt\u0131. Sald\u0131rgan\u0131 sakinle\u015ftirmek ve kavgay\u0131 ay\u0131rmak amac\u0131yla a\u015fa\u011f\u0131 kom\u015fusu Alican Tekin, Murat Kaan G\u00fcnayd\u0131n taraf\u0131ndan b\u0131\u00e7aklanarak hayat\u0131n\u0131 kaybetti. Peki, Murat Kaan G\u00fcnayd\u0131n kimdir?<\/p>\n<p>Spor camias\u0131nda tan\u0131nan sosyal medya fenomeni Murat Kaan G\u00fcnayd\u0131n cinayet haberiyle g\u00fcndeme geldi. Beykoz Kavac\u0131k Mahallesi\u2019nde 24 Nisan ak\u015fam\u0131 saat 20.30 s\u0131ralar\u0131nda meydana gelen olayda, iddiaya g\u00f6re su sipari\u015fi getiren kurye ile 23 ya\u015f\u0131ndaki sporcu Murat Kaan G\u00fcnayd\u0131n aras\u0131nda tart\u0131\u015fma \u00e7\u0131kt\u0131. Sald\u0131rgan\u0131 sakinle\u015ftirmek ve kavgay\u0131 ay\u0131rmak amac\u0131yla a\u015fa\u011f\u0131 kom\u015fusu Alican Tekin, Murat Kaan G\u00fcnayd\u0131n taraf\u0131ndan b\u0131\u00e7aklanarak hayat\u0131n\u0131 kaybetti. Peki, Murat Kaan G\u00fcnayd\u0131n kimdir?<\/p>\n<p>Kavac\u0131k\u2019ta kurye ile tart\u0131\u015fan v\u00fccut geli\u015ftirme sporcusu Murat Kaan G\u00fcnayd\u0131n, kavgay\u0131 ay\u0131rmak i\u00e7in araya giren \u00fcst kom\u015fusu Alican Tekin\u2019i 6 yerinden b\u0131\u00e7aklayarak \u00f6ld\u00fcrd\u00fc. Ac\u0131l\u0131 aile, zanl\u0131n\u0131n y\u0131llard\u0131r \u00e7evresine deh\u015fet sa\u00e7t\u0131\u011f\u0131n\u0131 vurgulad\u0131. Beykoz&#8230;<\/p>\n","protected":false},"excerpt":{"rendered":"<p>T\u00fcrkiye, 30 Nisan 2026 Per\u015fembe sabah\u0131na toplumu derinden sarsan trajik bir cinayet haberiyle uyand\u0131. V\u00fccut geli\u015ftirme d\u00fcnyas\u0131n\u0131n tan\u0131nan isimlerinden biri&#8230;<\/p>\n","protected":false},"author":2,"featured_media":30874,"comment_status":"open","ping_status":"open","sticky":false,"template":"","format":"standard","meta":{"footnotes":""},"categories":[6,5],"tags":[],"class_list":["post-30875","post","type-post","status-publish","format-standard","has-post-thumbnail","hentry","category-gundem","category-son-dakika"],"_links":{"self":[{"href":"https:\/\/eskigazeteci.com\/index.php?rest_route=\/wp\/v2\/posts\/30875","targetHints":{"allow":["GET"]}}],"collection":[{"href":"https:\/\/eskigazeteci.com\/index.php?rest_route=\/wp\/v2\/posts"}],"about":[{"href":"https:\/\/eskigazeteci.com\/index.php?rest_route=\/wp\/v2\/types\/post"}],"author":[{"embeddable":true,"href":"https:\/\/eskigazeteci.com\/index.php?rest_route=\/wp\/v2\/users\/2"}],"replies":[{"embeddable":true,"href":"https:\/\/eskigazeteci.com\/index.php?rest_route=%2Fwp%2Fv2%2Fcomments&post=30875"}],"version-history":[{"count":0,"href":"https:\/\/eskigazeteci.com\/index.php?rest_route=\/wp\/v2\/posts\/30875\/revisions"}],"wp:featuredmedia":[{"embeddable":true,"href":"https:\/\/eskigazeteci.com\/index.php?rest_route=\/wp\/v2\/media\/30874"}],"wp:attachment":[{"href":"https:\/\/eskigazeteci.com\/index.php?rest_route=%2Fwp%2Fv2%2Fmedia&parent=30875"}],"wp:term":[{"taxonomy":"category","embeddable":true,"href":"https:\/\/eskigazeteci.com\/index.php?rest_route=%2Fwp%2Fv2%2Fcategories&post=30875"},{"taxonomy":"post_tag","embeddable":true,"href":"https:\/\/eskigazeteci.com\/index.php?rest_route=%2Fwp%2Fv2%2Ftags&post=30875"}],"curies":[{"name":"wp","href":"https:\/\/api.w.org\/{rel}","templated":true}]}}