{"id":30873,"date":"2026-04-30T10:24:56","date_gmt":"2026-04-30T10:24:56","guid":{"rendered":"https:\/\/eskigazeteci.com\/?p=30873"},"modified":"2026-04-30T10:24:56","modified_gmt":"2026-04-30T10:24:56","slug":"1-mayis-yarin-marketler-acik-mi-2026-1-mayis-isci-bayrami-zincir-marketler-a101-bim-sok-migros-kapali-mi-tatil-mi-saat-kaca-kadar-acik-olacak","status":"publish","type":"post","link":"https:\/\/eskigazeteci.com\/?p=30873","title":{"rendered":"1 May\u0131s (yar\u0131n) marketler a\u00e7\u0131k m\u0131 2026? 1 May\u0131s \u0130\u015f\u00e7i Bayram\u0131 Zincir marketler A101, B\u0130M, \u015eOK, Migros kapal\u0131 m\u0131, tatil mi, saat ka\u00e7a kadar a\u00e7\u0131k olacak?"},"content":{"rendered":"<p>1 May\u0131s marketler a\u00e7\u0131k m\u0131 saat ka\u00e7a kadar a\u00e7\u0131k? sorusu market al\u0131\u015fveri\u015fi yapmaya haz\u0131rlanan vatanda\u015flar taraf\u0131ndan sorgulan\u0131yor. Zincir marketlerin \u00e7al\u0131\u015fma durumlar\u0131 resmi tatil ve bayram g\u00fcnlerinde de\u011fi\u015fiklik g\u00f6sterebiliyor. 1 May\u0131s marketler a\u00e7\u0131k m\u0131 2026? 1 May\u0131s \u0130\u015f\u00e7i Bayram\u0131 Zincir marketler A101, B\u0130M, \u015eOK, Migros kapal\u0131 m\u0131, tatil mi, saat ka\u00e7a kadar a\u00e7\u0131k olacak? \u0130\u015fte 1 May\u0131s market \u00e7al\u0131\u015fma saatleri&#8230;<\/p>\n<p>1 May\u0131s marketler a\u00e7\u0131k m\u0131 saat ka\u00e7a kadar a\u00e7\u0131k? sorusu market al\u0131\u015fveri\u015fi yapmaya haz\u0131rlanan vatanda\u015flar taraf\u0131ndan sorgulan\u0131yor. Zincir marketlerin \u00e7al\u0131\u015fma durumlar\u0131 resmi tatil ve bayram g\u00fcnlerinde de\u011fi\u015fiklik g\u00f6sterebiliyor. 1 May\u0131s marketler a\u00e7\u0131k m\u0131 2026? 1 May\u0131s \u0130\u015f\u00e7i Bayram\u0131 Zincir marketler A101, B\u0130M, \u015eOK, Migros kapal\u0131 m\u0131, tatil mi, saat ka\u00e7a kadar a\u00e7\u0131k olacak? \u0130\u015fte 1 May\u0131s market \u00e7al\u0131\u015fma saatleri&#8230;<\/p>\n<p>1 May\u0131s Emek ve Dayan\u0131\u015fma G\u00fcn\u00fc, T\u00fcrkiye&#x27;de resmi tatil olarak kutlanmaktad\u0131r. Ancak resmi tatillerde kamu kurumlar\u0131 (bankalar, okullar, belediyeler) kapal\u0131 olsa da, zincir marketler ve al\u0131\u015fveri\u015f merkezleri vatanda\u015flar\u0131n ma\u011fduriyet ya\u015famamas\u0131 i\u00e7in hizmet vermeye devam etmektedir.<\/p>\n<p>1 May\u0131s Emek ve Dayan\u0131\u015fma G\u00fcn\u00fc, T\u00fcrkiye&#x27;de resmi tatil olarak kutlanmaktad\u0131r. Ancak resmi&#8230;<\/p>\n","protected":false},"excerpt":{"rendered":"<p>1 May\u0131s Emek ve Dayan\u0131\u015fma G\u00fcn\u00fc&#8217;n\u00fcn resmi tatil olmas\u0131 nedeniyle vatanda\u015flar Bug\u00fcn marketler a\u00e7\u0131k m\u0131? sorusuna yan\u0131t ar\u0131yor. 1 May\u0131s \u0130\u015f\u00e7i Bayram\u0131 2026 tarihi&#8230;<\/p>\n","protected":false},"author":2,"featured_media":30872,"comment_status":"open","ping_status":"open","sticky":false,"template":"","format":"standard","meta":{"footnotes":""},"categories":[6,5],"tags":[],"class_list":["post-30873","post","type-post","status-publish","format-standard","has-post-thumbnail","hentry","category-gundem","category-son-dakika"],"_links":{"self":[{"href":"https:\/\/eskigazeteci.com\/index.php?rest_route=\/wp\/v2\/posts\/30873","targetHints":{"allow":["GET"]}}],"collection":[{"href":"https:\/\/eskigazeteci.com\/index.php?rest_route=\/wp\/v2\/posts"}],"about":[{"href":"https:\/\/eskigazeteci.com\/index.php?rest_route=\/wp\/v2\/types\/post"}],"author":[{"embeddable":true,"href":"https:\/\/eskigazeteci.com\/index.php?rest_route=\/wp\/v2\/users\/2"}],"replies":[{"embeddable":true,"href":"https:\/\/eskigazeteci.com\/index.php?rest_route=%2Fwp%2Fv2%2Fcomments&post=30873"}],"version-history":[{"count":0,"href":"https:\/\/eskigazeteci.com\/index.php?rest_route=\/wp\/v2\/posts\/30873\/revisions"}],"wp:featuredmedia":[{"embeddable":true,"href":"https:\/\/eskigazeteci.com\/index.php?rest_route=\/wp\/v2\/media\/30872"}],"wp:attachment":[{"href":"https:\/\/eskigazeteci.com\/index.php?rest_route=%2Fwp%2Fv2%2Fmedia&parent=30873"}],"wp:term":[{"taxonomy":"category","embeddable":true,"href":"https:\/\/eskigazeteci.com\/index.php?rest_route=%2Fwp%2Fv2%2Fcategories&post=30873"},{"taxonomy":"post_tag","embeddable":true,"href":"https:\/\/eskigazeteci.com\/index.php?rest_route=%2Fwp%2Fv2%2Ftags&post=30873"}],"curies":[{"name":"wp","href":"https:\/\/api.w.org\/{rel}","templated":true}]}}