{"id":30871,"date":"2026-04-30T10:14:56","date_gmt":"2026-04-30T10:14:56","guid":{"rendered":"https:\/\/eskigazeteci.com\/?p=30871"},"modified":"2026-04-30T10:14:56","modified_gmt":"2026-04-30T10:14:56","slug":"super-ligde-32-hafta-hakemleri-aciklandi","status":"publish","type":"post","link":"https:\/\/eskigazeteci.com\/?p=30871","title":{"rendered":"S\u00fcper Lig&#8217;de 32. hafta hakemleri a\u00e7\u0131kland\u0131"},"content":{"rendered":"<p>T\u00fcrkiye Futbol Federasyonu Merkez Hakem Kurulundan yap\u0131lan a\u00e7\u0131klamaya g\u00f6re m\u00fcsabakalarda g\u00f6rev alacak hakemler \u015f\u00f6yle:<\/p>\n<p>Yar\u0131n:<\/p>\n<p>17.00 Rizespor-Konyaspor: \u00d6mer Faruk Turtay<\/p>\n<p>20.00 Gaziantep FK- Be\u015fikta\u015f : Abdullah Bu\u011fra Ta\u015fk\u0131nsoy<\/p>\n<p>2 May\u0131s Cumartesi:<\/p>\n<p>20.00 Fenerbah\u00e7e -Ba\u015fak\u015fehir: O\u011fuzhan Aksu<\/p>\n<p>20.00 Trabzonspor-G\u00f6ztepe: Ozan Erg\u00fcn<\/p>\n<p>20.00 Samsunspor- Galatasaray : Re\u015fat Onur Co\u015fkunses<\/p>\n<p>3 May\u0131s Pazar:<\/p>\n<p>20.00 Kayserispor-Ey\u00fcpspor: Mehmet T\u00fcrkmen<\/p>\n<p>20.00 Antalyaspor-Alanyaspor: Atilla Karao\u011flan<\/p>\n<p>20.00 Fatih Karag\u00fcmr\u00fck-Gen\u00e7lerbirli\u011fi: O\u011fuzhan \u00c7ak\u0131r<\/p>\n<p>20.00 Kas\u0131mpa\u015fa-Kocaelispor: Yasin Kol<\/p>\n<p>T\u00fcrkiye&#x27;den ve D\u00fcnya\u2019dan son dakika haberleri, k\u00f6\u015fe yaz\u0131lar\u0131, magazinden siyasete, spordan seyahate b\u00fct\u00fcn konular\u0131n tek adresi Hurriyet.com.tr haber i\u00e7erikleri izin al\u0131nmadan, kaynak g\u00f6sterilerek dahi iktibas edilemez. Kanuna ayk\u0131r\u0131 ve izinsiz olarak kopyalanamaz, ba\u015fka yerde yay\u0131nlanamaz.<\/p>\n","protected":false},"excerpt":{"rendered":"<p>S\u00fcper Lig&#8217;de 32. hafta ma\u00e7lar\u0131nda d\u00fcd\u00fck \u00e7alacak hakemler belli oldu.<\/p>\n","protected":false},"author":2,"featured_media":30870,"comment_status":"open","ping_status":"open","sticky":false,"template":"","format":"standard","meta":{"footnotes":""},"categories":[5,7],"tags":[],"class_list":["post-30871","post","type-post","status-publish","format-standard","has-post-thumbnail","hentry","category-son-dakika","category-spor"],"_links":{"self":[{"href":"https:\/\/eskigazeteci.com\/index.php?rest_route=\/wp\/v2\/posts\/30871","targetHints":{"allow":["GET"]}}],"collection":[{"href":"https:\/\/eskigazeteci.com\/index.php?rest_route=\/wp\/v2\/posts"}],"about":[{"href":"https:\/\/eskigazeteci.com\/index.php?rest_route=\/wp\/v2\/types\/post"}],"author":[{"embeddable":true,"href":"https:\/\/eskigazeteci.com\/index.php?rest_route=\/wp\/v2\/users\/2"}],"replies":[{"embeddable":true,"href":"https:\/\/eskigazeteci.com\/index.php?rest_route=%2Fwp%2Fv2%2Fcomments&post=30871"}],"version-history":[{"count":0,"href":"https:\/\/eskigazeteci.com\/index.php?rest_route=\/wp\/v2\/posts\/30871\/revisions"}],"wp:featuredmedia":[{"embeddable":true,"href":"https:\/\/eskigazeteci.com\/index.php?rest_route=\/wp\/v2\/media\/30870"}],"wp:attachment":[{"href":"https:\/\/eskigazeteci.com\/index.php?rest_route=%2Fwp%2Fv2%2Fmedia&parent=30871"}],"wp:term":[{"taxonomy":"category","embeddable":true,"href":"https:\/\/eskigazeteci.com\/index.php?rest_route=%2Fwp%2Fv2%2Fcategories&post=30871"},{"taxonomy":"post_tag","embeddable":true,"href":"https:\/\/eskigazeteci.com\/index.php?rest_route=%2Fwp%2Fv2%2Ftags&post=30871"}],"curies":[{"name":"wp","href":"https:\/\/api.w.org\/{rel}","templated":true}]}}