{"id":30867,"date":"2026-04-30T10:08:00","date_gmt":"2026-04-30T10:08:00","guid":{"rendered":"https:\/\/eskigazeteci.com\/?p=30867"},"modified":"2026-04-30T10:08:00","modified_gmt":"2026-04-30T10:08:00","slug":"atasehir-belediyesindeki-secimi-murat-gunes-kazandi","status":"publish","type":"post","link":"https:\/\/eskigazeteci.com\/?p=30867","title":{"rendered":"Ata\u015fehir Belediyesi&#8217;ndeki se\u00e7imi Murat G\u00fcne\u015f kazand\u0131"},"content":{"rendered":"<p>\u0130\u00e7i\u015fleri Bakanl\u0131\u011f\u0131&#x27;n\u0131n Ata\u015fehir Belediye Ba\u015fkan\u0131 Onursal Ad\u0131g\u00fczel&#x27;in g\u00f6revden uzakla\u015ft\u0131r\u0131ld\u0131\u011f\u0131n\u0131 a\u00e7\u0131klamas\u0131n\u0131n ard\u0131ndan \u0130stanbul Valili\u011fi, Ata\u015fehir Belediye meclisinin ba\u015fkan vekili se\u00e7imi i\u00e7in 30 Nisan Per\u015fembe g\u00fcn\u00fc toplanaca\u011f\u0131n\u0131 a\u00e7\u0131klam\u0131\u015ft\u0131.<\/p>\n<p>Bug\u00fcn Ata\u015fehir Belediye Meclisi&#x27;nde yap\u0131lan se\u00e7imi CHP &#x27;nin aday\u0131 Murat G\u00fcne\u015f kazand\u0131.<\/p>\n<p>T\u00fcrkiye g\u00fcndeminden son dakika haberleri, bug\u00fcn ya\u015fanan en son geli\u015fmeler, siyaset g\u00fcndeminden g\u00fcncel haberler ve b\u00fct\u00fcn son dakika haberleri i\u00e7in H\u00fcrriyet&#x27;in internet haber sitesi hurriyet.com.tr; Hurriyet.com.tr haber i\u00e7erikleri kaynak g\u00f6sterilmeden al\u0131nt\u0131 yap\u0131lamaz, Kanuna ayk\u0131r\u0131 ve izinsiz olarak kopyalanamaz, ba\u015fka yerde yay\u0131nlanamaz.<\/p>\n","protected":false},"excerpt":{"rendered":"<p>Ata\u015fehir Belediyesi&#8217;ndeki belediye ba\u015fkan vekili se\u00e7imini CHP&#8217;nin aday\u0131 Murat G\u00fcne\u015f kazand\u0131.<\/p>\n","protected":false},"author":2,"featured_media":30866,"comment_status":"open","ping_status":"open","sticky":false,"template":"","format":"standard","meta":{"footnotes":""},"categories":[6,5],"tags":[],"class_list":["post-30867","post","type-post","status-publish","format-standard","has-post-thumbnail","hentry","category-gundem","category-son-dakika"],"_links":{"self":[{"href":"https:\/\/eskigazeteci.com\/index.php?rest_route=\/wp\/v2\/posts\/30867","targetHints":{"allow":["GET"]}}],"collection":[{"href":"https:\/\/eskigazeteci.com\/index.php?rest_route=\/wp\/v2\/posts"}],"about":[{"href":"https:\/\/eskigazeteci.com\/index.php?rest_route=\/wp\/v2\/types\/post"}],"author":[{"embeddable":true,"href":"https:\/\/eskigazeteci.com\/index.php?rest_route=\/wp\/v2\/users\/2"}],"replies":[{"embeddable":true,"href":"https:\/\/eskigazeteci.com\/index.php?rest_route=%2Fwp%2Fv2%2Fcomments&post=30867"}],"version-history":[{"count":0,"href":"https:\/\/eskigazeteci.com\/index.php?rest_route=\/wp\/v2\/posts\/30867\/revisions"}],"wp:featuredmedia":[{"embeddable":true,"href":"https:\/\/eskigazeteci.com\/index.php?rest_route=\/wp\/v2\/media\/30866"}],"wp:attachment":[{"href":"https:\/\/eskigazeteci.com\/index.php?rest_route=%2Fwp%2Fv2%2Fmedia&parent=30867"}],"wp:term":[{"taxonomy":"category","embeddable":true,"href":"https:\/\/eskigazeteci.com\/index.php?rest_route=%2Fwp%2Fv2%2Fcategories&post=30867"},{"taxonomy":"post_tag","embeddable":true,"href":"https:\/\/eskigazeteci.com\/index.php?rest_route=%2Fwp%2Fv2%2Ftags&post=30867"}],"curies":[{"name":"wp","href":"https:\/\/api.w.org\/{rel}","templated":true}]}}