{"id":30865,"date":"2026-04-30T10:06:28","date_gmt":"2026-04-30T10:06:28","guid":{"rendered":"https:\/\/eskigazeteci.com\/?p=30865"},"modified":"2026-04-30T10:06:28","modified_gmt":"2026-04-30T10:06:28","slug":"gundeme-tek-basina-damga-vurdu","status":"publish","type":"post","link":"https:\/\/eskigazeteci.com\/?p=30865","title":{"rendered":"G\u00fcndeme &#8216;tek&#8217; ba\u015f\u0131na damga vurdu"},"content":{"rendered":"<p>\u201cBEN S\u0130Z\u0130N SANDI\u011eINIZ K\u0130\u015e\u0130 DE\u011e\u0130L\u0130M\u201d<\/p>\n<p>E\u015fref R\u00fcya \u2019n\u0131n gen\u00e7lere hayat dersi verdi\u011fi son b\u00f6l\u00fcm\u00fc izleyicilerin takdirini toplad\u0131. E\u015fref Tek \u2019in, \u201cBen ve ekibim senin emrine girmeye karar verdik\u201d diyen Z Ku\u015fa\u011f\u0131 gen\u00e7leriyle yapt\u0131\u011f\u0131 sohbet dikkat \u00e7ekti. \u201cBen sizin sand\u0131\u011f\u0131n\u0131z ki\u015fi de\u011filim\u201d diyerek s\u00f6ze ba\u015flayan E\u015fref, \u201cBen k\u00f6t\u00fc biriyim, gen\u00e7ler. Benim takip edilecek hi\u00e7bir taraf\u0131m yok. Ger\u00e7ekte beni \u00e7ok az ki\u015fi seviyor. Ke\u015fke tam tersi olsayd\u0131\u201d s\u00f6zleriyle \u00f6zele\u015ftiri yapt\u0131.<\/p>\n<p>E\u015eREF GEN\u00c7LER\u0130N S\u0130LAHLARINI TOPLADI<\/p>\n<p>Diyalo\u011fun devam\u0131nda E\u015fref\u2019in, \u201cAs\u0131l kahraman kim biliyor musunuz? Racon kesenler de\u011fil; her ak\u015fam eve elleri nas\u0131rl\u0131 d\u00f6nen anne-babalard\u0131r. \u00c7ocuklar\u0131na iyi bir hayat ya\u015fatmak isteyen ailelerdir. Benim bildi\u011fim tek kahramanl\u0131k budur\u201d s\u00f6zlerine \u00e7ok say\u0131da yorum yap\u0131ld\u0131. \u201cAdaml\u0131k dedi\u011finiz \u015fey masaya yumruk vurmak de\u011fil; aln\u0131n\u0131n teriyle kazand\u0131\u011f\u0131n parayla o masaya ekmek koyabilmektir\u201d diyerek gen\u00e7lere nasihat eden E\u015fref, mafya \u00f6zentisiyle yan\u0131p tutu\u015fan gen\u00e7lerin silahlar\u0131n\u0131 toplad\u0131.<\/p>\n<p>SAHNE G\u00dcNDEME DAMGA VURDU<\/p>\n<p>Bu sahne g\u00fcndeme damga vurdu. \u0130zleyici yorumlar\u0131 verilen mesajlar\u0131n cesur ve samimi oldu\u011fu y\u00f6n\u00fcndeydi. Seyirciler \u201cUzun zamand\u0131r bir dizide bu kadar g\u00fc\u00e7l\u00fc bir sahne izlememi\u015ftim&#8230;.<\/p>\n","protected":false},"excerpt":{"rendered":"<p>Kanal D\u2019nin fenomen dizisi E\u015fref R\u00fcya, son b\u00f6l\u00fcm\u00fcyle izleyiciyi ekran ba\u015f\u0131na kilitleyerek geni\u015f yank\u0131 uyand\u0131rd\u0131. \u00d6zellikle E\u015fref Tek\u2019in gen\u00e7lere y\u00f6nelik&#8230;<\/p>\n","protected":false},"author":2,"featured_media":30864,"comment_status":"open","ping_status":"open","sticky":false,"template":"","format":"standard","meta":{"footnotes":""},"categories":[6,5],"tags":[],"class_list":["post-30865","post","type-post","status-publish","format-standard","has-post-thumbnail","hentry","category-gundem","category-son-dakika"],"_links":{"self":[{"href":"https:\/\/eskigazeteci.com\/index.php?rest_route=\/wp\/v2\/posts\/30865","targetHints":{"allow":["GET"]}}],"collection":[{"href":"https:\/\/eskigazeteci.com\/index.php?rest_route=\/wp\/v2\/posts"}],"about":[{"href":"https:\/\/eskigazeteci.com\/index.php?rest_route=\/wp\/v2\/types\/post"}],"author":[{"embeddable":true,"href":"https:\/\/eskigazeteci.com\/index.php?rest_route=\/wp\/v2\/users\/2"}],"replies":[{"embeddable":true,"href":"https:\/\/eskigazeteci.com\/index.php?rest_route=%2Fwp%2Fv2%2Fcomments&post=30865"}],"version-history":[{"count":0,"href":"https:\/\/eskigazeteci.com\/index.php?rest_route=\/wp\/v2\/posts\/30865\/revisions"}],"wp:featuredmedia":[{"embeddable":true,"href":"https:\/\/eskigazeteci.com\/index.php?rest_route=\/wp\/v2\/media\/30864"}],"wp:attachment":[{"href":"https:\/\/eskigazeteci.com\/index.php?rest_route=%2Fwp%2Fv2%2Fmedia&parent=30865"}],"wp:term":[{"taxonomy":"category","embeddable":true,"href":"https:\/\/eskigazeteci.com\/index.php?rest_route=%2Fwp%2Fv2%2Fcategories&post=30865"},{"taxonomy":"post_tag","embeddable":true,"href":"https:\/\/eskigazeteci.com\/index.php?rest_route=%2Fwp%2Fv2%2Ftags&post=30865"}],"curies":[{"name":"wp","href":"https:\/\/api.w.org\/{rel}","templated":true}]}}