{"id":30863,"date":"2026-04-30T10:04:56","date_gmt":"2026-04-30T10:04:56","guid":{"rendered":"https:\/\/eskigazeteci.com\/?p=30863"},"modified":"2026-04-30T10:04:56","modified_gmt":"2026-04-30T10:04:56","slug":"yarin-kargolar-acik-mi-1-mayis-cuma-gunu-ptt-aras-yurtici-dhl-surat-kargo-calisiyor-mu","status":"publish","type":"post","link":"https:\/\/eskigazeteci.com\/?p=30863","title":{"rendered":"Yar\u0131n kargolar a\u00e7\u0131k m\u0131? 1 May\u0131s Cuma g\u00fcn\u00fc PTT, Aras, Yurti\u00e7i, DHL, S\u00fcrat kargo \u00e7al\u0131\u015f\u0131yor mu?"},"content":{"rendered":"<p>Kargolar yar\u0131n 1 May\u0131s&#x27;ta a\u00e7\u0131k m\u0131, kapal\u0131 m\u0131, \u00e7al\u0131\u015f\u0131yor mu gibi sorular, g\u00f6nderi bekleyen ya da paket g\u00f6ndermek isteyen pek \u00e7ok ki\u015finin ara\u015ft\u0131rd\u0131\u011f\u0131 husus oldu. \u0130\u015f\u00e7i ve Emek\u00e7i Bayram\u0131 olarak bilinen Emek ve Dayan\u0131\u015fma G\u00fcn\u00fc kapsam\u0131nda 1 May\u0131s tarihinde resmi tatil prosed\u00fcr\u00fc uygulanacak. Kamu kurumlar\u0131 ve pek \u00e7ok i\u015f yeri kapal\u0131 olacak. Peki, 1 May\u0131s&#x27;ta Aras, PTT, Yurti\u00e7i, DHL, S\u00fcrat kargo \u00e7al\u0131\u015f\u0131yor mu? Hepsijet, Trendyol Ekspress ve Kolay Gelsin gibi kargolar da\u011f\u0131t\u0131m yapacak m\u0131? \u0130\u015fte, merak edilen hususlar hakk\u0131nda detayl\u0131 bilgiler<\/p>\n<p>Kargo \u015firketlerinin \u00e7al\u0131\u015fma saatleri, di\u011fer kurumlara g\u00f6re farkl\u0131l\u0131k g\u00f6stermektedir. Dolay\u0131s\u0131yla, her kargo firmas\u0131n\u0131n kendi i\u015fletme durumuna g\u00f6re \u00e7al\u0131\u015fma g\u00fcn ve saatleri de\u011fi\u015fiklik g\u00f6sterebilir. Kargolar bu y\u0131l hen\u00fcz g\u00fcncel duyurularda bulunmad\u0131 ancak kargolardan ge\u00e7ti\u011fimiz y\u0131l 1 May\u0131s&#x27;ta al\u0131nan bilgiler \u015fu \u015fekildeydi; Yurti\u00e7i Kargo : 1 May\u0131s Cuma g\u00fcn\u00fc birimler kapal\u0131 olacakt\u0131r. (2026- YEN\u0130 B\u0130LG\u0130) Aras Kargo: 1 May\u0131s Cuma g\u00fcn\u00fc resmi tatil olmas\u0131 dolay\u0131s\u0131yla hizmet verilmemektedir. T\u00fcm \u015fubeler kapal\u0131 olacakt\u0131r. DHL Kargo: 1 May\u0131s Cuma g\u00fcn\u00fc DHL kargo da resmi tatil nedeniyle kapal\u0131 olacak. S\u00fcrat Kargo: Resmi tatil olmas\u0131 dolay\u0131s\u0131yla 1 May\u0131s Cuma g\u00fcn\u00fc&#8230;<\/p>\n","protected":false},"excerpt":{"rendered":"<p>Kargolar bug\u00fcn 1 May\u0131s&#8217;ta a\u00e7\u0131k m\u0131, \u00e7al\u0131\u015f\u0131yor mu sorusu merak konusu oldu. May\u0131s&#8217;ta kargolar \u00e7al\u0131\u015f\u0131yor mu sorusu, paket g\u00f6nderecek ya da teslim alacak olan&#8230;<\/p>\n","protected":false},"author":2,"featured_media":30862,"comment_status":"open","ping_status":"open","sticky":false,"template":"","format":"standard","meta":{"footnotes":""},"categories":[6,5],"tags":[],"class_list":["post-30863","post","type-post","status-publish","format-standard","has-post-thumbnail","hentry","category-gundem","category-son-dakika"],"_links":{"self":[{"href":"https:\/\/eskigazeteci.com\/index.php?rest_route=\/wp\/v2\/posts\/30863","targetHints":{"allow":["GET"]}}],"collection":[{"href":"https:\/\/eskigazeteci.com\/index.php?rest_route=\/wp\/v2\/posts"}],"about":[{"href":"https:\/\/eskigazeteci.com\/index.php?rest_route=\/wp\/v2\/types\/post"}],"author":[{"embeddable":true,"href":"https:\/\/eskigazeteci.com\/index.php?rest_route=\/wp\/v2\/users\/2"}],"replies":[{"embeddable":true,"href":"https:\/\/eskigazeteci.com\/index.php?rest_route=%2Fwp%2Fv2%2Fcomments&post=30863"}],"version-history":[{"count":0,"href":"https:\/\/eskigazeteci.com\/index.php?rest_route=\/wp\/v2\/posts\/30863\/revisions"}],"wp:featuredmedia":[{"embeddable":true,"href":"https:\/\/eskigazeteci.com\/index.php?rest_route=\/wp\/v2\/media\/30862"}],"wp:attachment":[{"href":"https:\/\/eskigazeteci.com\/index.php?rest_route=%2Fwp%2Fv2%2Fmedia&parent=30863"}],"wp:term":[{"taxonomy":"category","embeddable":true,"href":"https:\/\/eskigazeteci.com\/index.php?rest_route=%2Fwp%2Fv2%2Fcategories&post=30863"},{"taxonomy":"post_tag","embeddable":true,"href":"https:\/\/eskigazeteci.com\/index.php?rest_route=%2Fwp%2Fv2%2Ftags&post=30863"}],"curies":[{"name":"wp","href":"https:\/\/api.w.org\/{rel}","templated":true}]}}