{"id":30861,"date":"2026-04-30T09:54:54","date_gmt":"2026-04-30T09:54:54","guid":{"rendered":"https:\/\/eskigazeteci.com\/?p=30861"},"modified":"2026-04-30T09:54:54","modified_gmt":"2026-04-30T09:54:54","slug":"galatasarayda-5-oyuncunun-bileti-kesildi-2-isim-topun-agzinda","status":"publish","type":"post","link":"https:\/\/eskigazeteci.com\/?p=30861","title":{"rendered":"Galatasaray&#8217;da 5 oyuncunun bileti kesildi, 2 isim topun a\u011fz\u0131nda!"},"content":{"rendered":"<p>\u00dcst \u00fcste 4. \u015fampiyonlu\u011funa ko\u015far ad\u0131m ilerleyen Galatasaray \u2019da sadece d\u0131\u015f transfer de\u011fil, i\u00e7 transfer \u00e7al\u0131\u015fmalar\u0131 da ba\u015flam\u0131\u015f durumda. Sar\u0131-K\u0131rm\u0131z\u0131l\u0131lar hem yeni s\u00f6zle\u015fme g\u00f6r\u00fc\u015fmelerinde hem de Avrupa devlerinin takibi alt\u0131ndaki oyuncular konusunda bir hayli zorlanacak gibi g\u00f6r\u00fcn\u00fcyor. Bu sezon milli tak\u0131m aralar\u0131 ve sakatl\u0131klar nedeniyle olduk\u00e7a zorlu bir s\u00fcre\u00e7ten ge\u00e7en Cim Bom, gelecek sezonki \u015eampiyonlar Ligi maceras\u0131n\u0131 da d\u00fc\u015f\u00fcnerek kadro derinli\u011fini art\u0131rman\u0131n hesaplar\u0131n\u0131 yap\u0131yor. Bunun i\u00e7in de verim al\u0131namayan oyuncular de\u011ferinde sat\u0131l\u0131p yerlerine daha iyileri getirilecek.<\/p>\n<p>SINGO&#x27;DA HEDEF ZARAR ETMEDEN YOLLARI AYIRMAK<\/p>\n<p>Bu isimlerden biri Wilfried Singo . 30 milyon euro bonservis bedeli ve b\u00fcy\u00fck umutlarla al\u0131nan 24 ya\u015f\u0131ndaki futbolcu beklentilerin alt\u0131nda kald\u0131. Galatasaray Y\u00f6netimi, Singo\u2019ya gelen teklifleri de\u011ferlendirme karar\u0131 ald\u0131. Oyuncudan zarar etmeden \u00e7\u0131kman\u0131n form\u00fclleri aran\u0131yor.<\/p>\n<p>\u0130Y\u0130 TEKL\u0130F GEL\u0130RSE SARA DA YOLCU<\/p>\n<p>Ayn\u0131 \u015fekilde \u0130ngiliz kul\u00fcplerinin kanca takt\u0131\u011f\u0131 Gabriel Sara da iyi bir teklif gelmesi halinde sat\u0131lacak ve buradan gelecek parayla daha iyi takviyeler yap\u0131lacak.<\/p>\n<p>BOEY \u0130\u00c7\u0130N G\u0130R\u0130\u015e\u0130M YAPILMAYACAK<\/p>\n<p>Bayern M\u00fcnih\u2019ten kiralanan Sacha Boey , \u015fu ana kadar hocas\u0131&#8230;<\/p>\n","protected":false},"excerpt":{"rendered":"<p>S\u00fcper Lig&#8217;de \u015fampiyonlu\u011fa ko\u015fan Galatasaray bir yandan gelecek sezonun planlamalar\u0131na da ba\u015flad\u0131. Sar\u0131-k\u0131rm\u0131z\u0131l\u0131lar kadroda b\u00fcy\u00fck bir revizyon hedeliyor&#8230;.<\/p>\n","protected":false},"author":2,"featured_media":30860,"comment_status":"open","ping_status":"open","sticky":false,"template":"","format":"standard","meta":{"footnotes":""},"categories":[5,7],"tags":[],"class_list":["post-30861","post","type-post","status-publish","format-standard","has-post-thumbnail","hentry","category-son-dakika","category-spor"],"_links":{"self":[{"href":"https:\/\/eskigazeteci.com\/index.php?rest_route=\/wp\/v2\/posts\/30861","targetHints":{"allow":["GET"]}}],"collection":[{"href":"https:\/\/eskigazeteci.com\/index.php?rest_route=\/wp\/v2\/posts"}],"about":[{"href":"https:\/\/eskigazeteci.com\/index.php?rest_route=\/wp\/v2\/types\/post"}],"author":[{"embeddable":true,"href":"https:\/\/eskigazeteci.com\/index.php?rest_route=\/wp\/v2\/users\/2"}],"replies":[{"embeddable":true,"href":"https:\/\/eskigazeteci.com\/index.php?rest_route=%2Fwp%2Fv2%2Fcomments&post=30861"}],"version-history":[{"count":0,"href":"https:\/\/eskigazeteci.com\/index.php?rest_route=\/wp\/v2\/posts\/30861\/revisions"}],"wp:featuredmedia":[{"embeddable":true,"href":"https:\/\/eskigazeteci.com\/index.php?rest_route=\/wp\/v2\/media\/30860"}],"wp:attachment":[{"href":"https:\/\/eskigazeteci.com\/index.php?rest_route=%2Fwp%2Fv2%2Fmedia&parent=30861"}],"wp:term":[{"taxonomy":"category","embeddable":true,"href":"https:\/\/eskigazeteci.com\/index.php?rest_route=%2Fwp%2Fv2%2Fcategories&post=30861"},{"taxonomy":"post_tag","embeddable":true,"href":"https:\/\/eskigazeteci.com\/index.php?rest_route=%2Fwp%2Fv2%2Ftags&post=30861"}],"curies":[{"name":"wp","href":"https:\/\/api.w.org\/{rel}","templated":true}]}}