{"id":30859,"date":"2026-04-30T09:44:55","date_gmt":"2026-04-30T09:44:55","guid":{"rendered":"https:\/\/eskigazeteci.com\/?p=30859"},"modified":"2026-04-30T09:44:55","modified_gmt":"2026-04-30T09:44:55","slug":"kimse-bunu-beklemiyordu-putin-icin-alarm-zilleri-caliyor-kremlinde-catlak-mi-var","status":"publish","type":"post","link":"https:\/\/eskigazeteci.com\/?p=30859","title":{"rendered":"Kimse bunu beklemiyordu: Putin i\u00e7in alarm zilleri \u00e7al\u0131yor! Kremlin\u2019de \u00e7atlak m\u0131 var?"},"content":{"rendered":"<p>Vladimir Putin, Ukrayna ile sava\u015f\u0131n uzad\u0131\u011f\u0131, ekonominin k\u00f6t\u00fcle\u015fti\u011fi ve h\u00fck\u00fcmetin internet \u00fczerindeki artan kontrollerinin halkta rahats\u0131zl\u0131k yaratt\u0131\u011f\u0131 ortamda, kamuoyunda giderek y\u00fckselen bir rahats\u0131zl\u0131kla kar\u015f\u0131 kar\u015f\u0131ya.<\/p>\n<p>Rusya\u2019da devlet b\u00fcnyesindeki en b\u00fcy\u00fck anket \u015firketi olarak ifade edilen Rus Kamuoyu G\u00f6r\u00fc\u015fleri Ara\u015ft\u0131rma Merkezi\u2019nin ge\u00e7en Cuma yay\u0131mlad\u0131\u011f\u0131 ankete g\u00f6re, Putin\u2019in kamuoyu g\u00fcveni y\u00fczde 65,6\u2019ya d\u00fc\u015ft\u00fc. Bu oran\u0131n, sava\u015f\u0131n \u00f6ncesindeki d\u00f6nemden bu yana en d\u00fc\u015f\u00fck oran oldu\u011fu belirtiliyor. Putin\u2019in kamuoyu g\u00fcveninde ise y\u0131l ba\u015f\u0131ndan bu yana y\u00fczde 12,2 oran\u0131nda d\u00fc\u015f\u00fc\u015f ya\u015fand\u0131.<\/p>\n<p>Muhaliflerin s\u00fcrg\u00fcne g\u00f6nderildi\u011fi, hapsedildi\u011fi ve hatta \u00f6ld\u00fcr\u00fcld\u00fc\u011f\u00fc, sava\u015f\u0131 ele\u015ftirmenin ise su\u00e7 oldu\u011fu otoriter bir rejimde ger\u00e7ek kamuoyu yoklamas\u0131 yapmak zor. Buna ra\u011fmen Putin\u2019in ge\u00e7mi\u015fteki y\u00fczde 88\u2019e varan oranlar\u0131yla k\u0131yasland\u0131\u011f\u0131nda s\u00f6z konusu d\u00fc\u015f\u00fc\u015f, be\u015finci y\u0131l\u0131na giren sava\u015f kar\u015f\u0131s\u0131nda giderek artan bir yorgunlu\u011fa i\u015faret ediyor. \u00d6zellikle Trump y\u00f6netiminin oda\u011f\u0131n\u0131 \u0130ran\u2019a kayd\u0131rmas\u0131yla, sava\u015f\u0131 sonland\u0131racak m\u00fczakerelerin b\u00fcy\u00fck \u00f6l\u00e7\u00fcde t\u0131kanm\u0131\u015f olmas\u0131 bu durumu tetikliyor.<\/p>\n<p>EKONOM\u0130 Y\u00d6NET\u0130M\u0130 A\u00c7IK\u00c7A ELE\u015eT\u0130R\u0130L\u0130YOR<\/p>\n<p>Ekonomik yapt\u0131r\u0131mlar Rusya ekonomisini her ge\u00e7en g\u00fcn daha fazla etkiliyor ve bu etki&#8230;<\/p>\n","protected":false},"excerpt":{"rendered":"<p>Rusya\u2019n\u0131n Ukrayna\u2019y\u0131 i\u015fgalinde 5\u2019inci y\u0131la girildi. G\u00f6r\u00fc\u015fmelerin ask\u0131ya al\u0131nd\u0131\u011f\u0131 ve Rusya&#8217;da yapt\u0131r\u0131mlar\u0131n daha sert hissedildi\u011fi bu a\u015famada, anketler Devlet&#8230;<\/p>\n","protected":false},"author":2,"featured_media":30858,"comment_status":"open","ping_status":"open","sticky":false,"template":"","format":"standard","meta":{"footnotes":""},"categories":[6,5],"tags":[],"class_list":["post-30859","post","type-post","status-publish","format-standard","has-post-thumbnail","hentry","category-gundem","category-son-dakika"],"_links":{"self":[{"href":"https:\/\/eskigazeteci.com\/index.php?rest_route=\/wp\/v2\/posts\/30859","targetHints":{"allow":["GET"]}}],"collection":[{"href":"https:\/\/eskigazeteci.com\/index.php?rest_route=\/wp\/v2\/posts"}],"about":[{"href":"https:\/\/eskigazeteci.com\/index.php?rest_route=\/wp\/v2\/types\/post"}],"author":[{"embeddable":true,"href":"https:\/\/eskigazeteci.com\/index.php?rest_route=\/wp\/v2\/users\/2"}],"replies":[{"embeddable":true,"href":"https:\/\/eskigazeteci.com\/index.php?rest_route=%2Fwp%2Fv2%2Fcomments&post=30859"}],"version-history":[{"count":0,"href":"https:\/\/eskigazeteci.com\/index.php?rest_route=\/wp\/v2\/posts\/30859\/revisions"}],"wp:featuredmedia":[{"embeddable":true,"href":"https:\/\/eskigazeteci.com\/index.php?rest_route=\/wp\/v2\/media\/30858"}],"wp:attachment":[{"href":"https:\/\/eskigazeteci.com\/index.php?rest_route=%2Fwp%2Fv2%2Fmedia&parent=30859"}],"wp:term":[{"taxonomy":"category","embeddable":true,"href":"https:\/\/eskigazeteci.com\/index.php?rest_route=%2Fwp%2Fv2%2Fcategories&post=30859"},{"taxonomy":"post_tag","embeddable":true,"href":"https:\/\/eskigazeteci.com\/index.php?rest_route=%2Fwp%2Fv2%2Ftags&post=30859"}],"curies":[{"name":"wp","href":"https:\/\/api.w.org\/{rel}","templated":true}]}}