{"id":30855,"date":"2026-04-30T09:24:50","date_gmt":"2026-04-30T09:24:50","guid":{"rendered":"https:\/\/eskigazeteci.com\/?p=30855"},"modified":"2026-04-30T09:24:50","modified_gmt":"2026-04-30T09:24:50","slug":"1-mayis-avm-calisma-saatleri-2026","status":"publish","type":"post","link":"https:\/\/eskigazeteci.com\/?p=30855","title":{"rendered":"1 May\u0131s AVM \u00e7al\u0131\u015fma saatleri 2026"},"content":{"rendered":"<p>1 May\u0131s Emek ve Dayan\u0131\u015fma G\u00fcn\u00fc 2026 y\u0131l\u0131nda Cuma g\u00fcn\u00fcne denk geliyor. 1 May\u0131s\u2019\u0131n resmi tatil olmas\u0131n\u0131 f\u0131rsat bilenler de d\u0131\u015far\u0131 \u00e7\u0131karak keyifli vakit ge\u00e7irmek istiyor. 1 May\u0131s AVM \u00e7al\u0131\u015fma saatleri de bu sebeple merak ediliyor. Peki, 1 May\u0131s&#x27;ta AVM&#x27;ler a\u00e7\u0131k m\u0131, kapal\u0131 m\u0131, \u00e7al\u0131\u015f\u0131yor mu?<\/p>\n<p>1 May\u0131s Emek ve Dayan\u0131\u015fma G\u00fcn\u00fc 2026 y\u0131l\u0131nda Cuma g\u00fcn\u00fcne denk geliyor. 1 May\u0131s\u2019\u0131n resmi tatil olmas\u0131n\u0131 f\u0131rsat bilenler de d\u0131\u015far\u0131 \u00e7\u0131karak keyifli vakit ge\u00e7irmek istiyor. 1 May\u0131s AVM \u00e7al\u0131\u015fma saatleri de bu sebeple merak ediliyor. Peki, 1 May\u0131s&#x27;ta AVM&#x27;ler a\u00e7\u0131k m\u0131, kapal\u0131 m\u0131, \u00e7al\u0131\u015f\u0131yor mu?<\/p>\n<p>T\u00fcrkiye genelindeki AVM\u2019ler 1 May\u0131s 2026 Cuma g\u00fcn\u00fc a\u00e7\u0131k olacak. 1 May\u0131s 2026 Cuma g\u00fcn\u00fc AVM&#x27;lerin \u00e7al\u0131\u015fma saatlerinde herhangi bir de\u011fi\u015fiklik \u00f6ng\u00f6r\u00fclm\u00fcyor. T\u00fcrkiye genelindeki b\u00fcy\u00fck al\u0131\u015fveri\u015f merkezlerinin b\u00fcy\u00fck \u00e7o\u011funlu\u011fu, standart mesai saatleri olan sabah 10:00 itibar\u0131yla kap\u0131lar\u0131n\u0131 a\u00e7acak ve gece saat 22:00&#x27;ye kadar hizmet vermeye devam edecek.<\/p>\n<p>T\u00fcrkiye genelindeki AVM\u2019ler 1 May\u0131s 2026 Cuma g\u00fcn\u00fc a\u00e7\u0131k olacak. 1 May\u0131s 2026 Cuma g\u00fcn\u00fc AVM&#x27;lerin \u00e7al\u0131\u015fma saatlerinde herhangi bir de\u011fi\u015fiklik \u00f6ng\u00f6r\u00fclm\u00fcyor. T\u00fcrkiye genelindeki b\u00fcy\u00fck al\u0131\u015fveri\u015f merkezlerinin b\u00fcy\u00fck \u00e7o\u011funlu\u011fu, standart mesai saatleri olan sabah 10:00 itibar\u0131yla&#8230;<\/p>\n","protected":false},"excerpt":{"rendered":"<p>T\u00fcrkiye genelinde 1 May\u0131s Emek ve Dayan\u0131\u015fma G\u00fcn\u00fc\u2019n\u00fcn resmi tatil olarak kutlanaca\u011f\u0131 2026 y\u0131l\u0131nda, cuma g\u00fcn\u00fcne denk gelen bu \u00f6zel g\u00fcnde al\u0131\u015fveri\u015f&#8230;<\/p>\n","protected":false},"author":2,"featured_media":30854,"comment_status":"open","ping_status":"open","sticky":false,"template":"","format":"standard","meta":{"footnotes":""},"categories":[6,5],"tags":[],"class_list":["post-30855","post","type-post","status-publish","format-standard","has-post-thumbnail","hentry","category-gundem","category-son-dakika"],"_links":{"self":[{"href":"https:\/\/eskigazeteci.com\/index.php?rest_route=\/wp\/v2\/posts\/30855","targetHints":{"allow":["GET"]}}],"collection":[{"href":"https:\/\/eskigazeteci.com\/index.php?rest_route=\/wp\/v2\/posts"}],"about":[{"href":"https:\/\/eskigazeteci.com\/index.php?rest_route=\/wp\/v2\/types\/post"}],"author":[{"embeddable":true,"href":"https:\/\/eskigazeteci.com\/index.php?rest_route=\/wp\/v2\/users\/2"}],"replies":[{"embeddable":true,"href":"https:\/\/eskigazeteci.com\/index.php?rest_route=%2Fwp%2Fv2%2Fcomments&post=30855"}],"version-history":[{"count":0,"href":"https:\/\/eskigazeteci.com\/index.php?rest_route=\/wp\/v2\/posts\/30855\/revisions"}],"wp:featuredmedia":[{"embeddable":true,"href":"https:\/\/eskigazeteci.com\/index.php?rest_route=\/wp\/v2\/media\/30854"}],"wp:attachment":[{"href":"https:\/\/eskigazeteci.com\/index.php?rest_route=%2Fwp%2Fv2%2Fmedia&parent=30855"}],"wp:term":[{"taxonomy":"category","embeddable":true,"href":"https:\/\/eskigazeteci.com\/index.php?rest_route=%2Fwp%2Fv2%2Fcategories&post=30855"},{"taxonomy":"post_tag","embeddable":true,"href":"https:\/\/eskigazeteci.com\/index.php?rest_route=%2Fwp%2Fv2%2Ftags&post=30855"}],"curies":[{"name":"wp","href":"https:\/\/api.w.org\/{rel}","templated":true}]}}