{"id":30853,"date":"2026-04-30T09:16:26","date_gmt":"2026-04-30T09:16:26","guid":{"rendered":"https:\/\/eskigazeteci.com\/?p=30853"},"modified":"2026-04-30T09:16:26","modified_gmt":"2026-04-30T09:16:26","slug":"icisleri-bakani-ciftci-ulkemiz-duzensiz-gocle-mucadelede-tum-dunyaya-rol-model-olabilecek-konuma-geldi","status":"publish","type":"post","link":"https:\/\/eskigazeteci.com\/?p=30853","title":{"rendered":"\u0130\u00e7i\u015fleri Bakan\u0131 \u00c7ift\u00e7i: \u00dclkemiz d\u00fczensiz g\u00f6\u00e7le m\u00fccadelede t\u00fcm d\u00fcnyaya rol model olabilecek konuma geldi"},"content":{"rendered":"<p>Yunanistan&#x27;\u0131n ba\u015fkenti Atina&#x27;da d\u00fcn d\u00fczenlenen T\u00fcrkiye-Bulgaristan-Yunanistan \u00dc\u00e7l\u00fc Mekanizma Toplant\u0131s\u0131&#x27;na kat\u0131lan \u00c7ift\u00e7i, toplant\u0131n\u0131n ard\u0131ndan Atina&#x27;da T\u00fcrk bas\u0131n\u0131n\u0131n sorular\u0131n\u0131 yan\u0131tlad\u0131.<\/p>\n<p>Bakan \u00c7ift\u00e7i, \u00fc\u00e7l\u00fc mekanizma \u00e7er\u00e7evesinde d\u00fczenlenen toplant\u0131 i\u00e7in &quot;Bu toplant\u0131da daha \u00e7ok T\u00fcrkiye, Yunanistan, Bulgaristan aras\u0131nda d\u00fczensiz g\u00f6\u00e7le m\u00fccadele, geri itmelerin m\u00fcmk\u00fcn mertebe engellenmesi, d\u00fczensiz g\u00f6\u00e7le m\u00fccadelenin daha da derinle\u015ftirilmesi noktas\u0131nda \u00e7ok verimli bir toplant\u0131 oldu.&quot; dedi.<\/p>\n<p>\u0130LK TOPLANTI \u0130STANBUL&#x27;DA YAPILMI\u015eTI<\/p>\n<p>Bir sonraki toplant\u0131n\u0131n \u0130stanbul&#x27;da yap\u0131lmas\u0131na karar verdiklerini aktaran \u00c7ift\u00e7i, bu mekanizman\u0131n s\u00fcrd\u00fcr\u00fclmesine ili\u015fkin \u015f\u00f6yle konu\u015ftu:<\/p>\n<p>&quot;\u0130li\u015fkilerin devam\u0131na karar ald\u0131k bu toplant\u0131da \u00e7\u00fcnk\u00fc bundan b\u00fct\u00fcn \u00fclkelerin ortak menfaati var. \u00dclkemiz d\u00fczensiz g\u00f6\u00e7le m\u00fccadelede t\u00fcm d\u00fcnyaya rol model olabilecek konuma geldi. Art\u0131k d\u00fczensiz g\u00f6\u00e7menler \u00fclkemize kolayl\u0131kla giremiyorlar. Rahat\u00e7a dola\u015fam\u0131yorlar, bir \u015fekilde yakaland\u0131klar\u0131nda da deport ediliyorlar. Art\u0131k bu konuda \u00fclkemiz son derece ba\u015far\u0131l\u0131 bir d\u00fczensiz g\u00f6\u00e7le m\u00fccadele y\u00fcr\u00fct\u00fcyor.&quot;<\/p>\n<p>Atina &#x27;da d\u00fcn \u00fc\u00e7\u00fcnc\u00fcs\u00fc d\u00fczenlenen \u00fc\u00e7l\u00fc mekanizma toplant\u0131s\u0131n\u0131n ilki 14 Ocak 2025&#x27;te \u0130stanbul&#x27;da, ikincisi ise 24 Haziran 2025&#x27;te&#8230;<\/p>\n","protected":false},"excerpt":{"rendered":"<p>\u0130\u00e7i\u015fleri Bakan\u0131 Mustafa \u00c7ift\u00e7i, Atina&#8217;da d\u00fcn d\u00fczenlenen T\u00fcrkiye-Bulgaristan-Yunanistan \u00dc\u00e7l\u00fc Mekanizma Toplant\u0131s\u0131&#8217;nda T\u00fcrkiye&#8217;nin d\u00fczensiz g\u00f6\u00e7le m\u00fccadelede&#8230;<\/p>\n","protected":false},"author":2,"featured_media":30852,"comment_status":"open","ping_status":"open","sticky":false,"template":"","format":"standard","meta":{"footnotes":""},"categories":[6,5],"tags":[],"class_list":["post-30853","post","type-post","status-publish","format-standard","has-post-thumbnail","hentry","category-gundem","category-son-dakika"],"_links":{"self":[{"href":"https:\/\/eskigazeteci.com\/index.php?rest_route=\/wp\/v2\/posts\/30853","targetHints":{"allow":["GET"]}}],"collection":[{"href":"https:\/\/eskigazeteci.com\/index.php?rest_route=\/wp\/v2\/posts"}],"about":[{"href":"https:\/\/eskigazeteci.com\/index.php?rest_route=\/wp\/v2\/types\/post"}],"author":[{"embeddable":true,"href":"https:\/\/eskigazeteci.com\/index.php?rest_route=\/wp\/v2\/users\/2"}],"replies":[{"embeddable":true,"href":"https:\/\/eskigazeteci.com\/index.php?rest_route=%2Fwp%2Fv2%2Fcomments&post=30853"}],"version-history":[{"count":0,"href":"https:\/\/eskigazeteci.com\/index.php?rest_route=\/wp\/v2\/posts\/30853\/revisions"}],"wp:featuredmedia":[{"embeddable":true,"href":"https:\/\/eskigazeteci.com\/index.php?rest_route=\/wp\/v2\/media\/30852"}],"wp:attachment":[{"href":"https:\/\/eskigazeteci.com\/index.php?rest_route=%2Fwp%2Fv2%2Fmedia&parent=30853"}],"wp:term":[{"taxonomy":"category","embeddable":true,"href":"https:\/\/eskigazeteci.com\/index.php?rest_route=%2Fwp%2Fv2%2Fcategories&post=30853"},{"taxonomy":"post_tag","embeddable":true,"href":"https:\/\/eskigazeteci.com\/index.php?rest_route=%2Fwp%2Fv2%2Ftags&post=30853"}],"curies":[{"name":"wp","href":"https:\/\/api.w.org\/{rel}","templated":true}]}}