{"id":30849,"date":"2026-04-30T09:09:31","date_gmt":"2026-04-30T09:09:31","guid":{"rendered":"https:\/\/eskigazeteci.com\/?p=30849"},"modified":"2026-04-30T09:09:31","modified_gmt":"2026-04-30T09:09:31","slug":"msbden-sumud-filosuna-saldiriya-tepki-uluslararasi-hukukun-acik-bir-ihlalidir","status":"publish","type":"post","link":"https:\/\/eskigazeteci.com\/?p=30849","title":{"rendered":"MSB&#8217;den Sumud Filosu&#8217;na sald\u0131r\u0131ya tepki: Uluslararas\u0131 hukukun a\u00e7\u0131k bir ihlalidir"},"content":{"rendered":"<p>AVRUPALI Y\u00d6NET\u0130C\u0130LER\u0130N T\u00dcRK\u0130YE HEDEF ALAN A\u00c7IKLAMALARI<\/p>\n<p>Bakanl\u0131ktan yap\u0131lan a\u00e7\u0131klamada, &#x27;&quot;Son d\u00f6nemde baz\u0131 Avrupal\u0131 y\u00f6neticilerin \u00fclkemizi hedef alan a\u00e7\u0131klamalar\u0131 dikkatle takip edilmektedir.<\/p>\n<p>T\u00fcrkiye\u2019nin b\u00f6lgesel rol\u00fc ve Avrupa g\u00fcvenlik mimarisi i\u00e7indeki konumuna ili\u015fkin ifadeler, m\u00fcttefiklik hukuku ve dayan\u0131\u015fma ilkeleriyle ba\u011fda\u015fmamaktad\u0131r.<\/p>\n<p>Yine, NATO \u00fcyesi Fransa ve birtak\u0131m senaryolar \u00fczerinden yapt\u0131\u011f\u0131 a\u00e7\u0131klamalar gerilimi art\u0131rmakta, b\u00f6lgesel bar\u0131\u015f ve istikrara zarar verme riski ta\u015f\u0131maktad\u0131r.<\/p>\n<p>B\u00f6lgemizde olu\u015fturulmaya \u00e7al\u0131\u015f\u0131lan herhangi bir asker\u00ee ittifak\u0131n, T\u00fcrkiye\u2019ye kar\u015f\u0131 ba\u015far\u0131 \u015fans\u0131 bulunmad\u0131\u011f\u0131 ger\u00e7e\u011fini hat\u0131rlat\u0131yoruz.<\/p>\n<p>Say\u0131n Bakan\u0131m\u0131z\u0131n daha \u00f6nce de ifade etti\u011fi gibi \u00f6n\u00fcm\u00fczdeki d\u00f6nemde de g\u00fcvenlik ve istikrar\u0131n s\u00f6z konusu oldu\u011fu her durumda, T\u00fcrkiye\u2019yi kar\u015f\u0131s\u0131na alanlar de\u011fil, T\u00fcrkiye ile birlikte olanlar kazanacakt\u0131r&quot; mesaj\u0131 verildi.<\/p>\n<p>GKRY&#x27;YE FRANSIZ ASKER\u0130 KONU\u015eLANMASI<\/p>\n<p>GKRY \u2019e Frans\u0131z Askerlerinin konu\u015fland\u0131r\u0131laca\u011f\u0131 haberlerine y\u00f6nelik MSB&#x27;den yap\u0131lan a\u00e7\u0131klamada, &quot;T\u00fcrkiye, uluslararas\u0131 hukuka ba\u011fl\u0131, b\u00f6lgesinde bar\u0131\u015f ve istikrar\u0131n korunmas\u0131n\u0131 \u00f6nceleyen bir anlay\u0131\u015fla hareket etmektedir. Ancak bu yakla\u015f\u0131m\u0131m\u0131z, hem \u00fclkemizin hem de KKTC\u2019nin mill\u00ee hak ve menfaatlerinden&#8230;<\/p>\n","protected":false},"excerpt":{"rendered":"<p>Milli Savunma Bakanl\u0131\u011f\u0131&#8217;ndan yap\u0131lan a\u00e7\u0131klamada, Gazze\u2019ye insani yard\u0131m ula\u015ft\u0131rmak amac\u0131yla olu\u015fturulan K\u00fcresel Sumud Filosu\u2019na, uluslararas\u0131 sularda \u0130srail&#8230;<\/p>\n","protected":false},"author":2,"featured_media":30848,"comment_status":"open","ping_status":"open","sticky":false,"template":"","format":"standard","meta":{"footnotes":""},"categories":[6,5],"tags":[],"class_list":["post-30849","post","type-post","status-publish","format-standard","has-post-thumbnail","hentry","category-gundem","category-son-dakika"],"_links":{"self":[{"href":"https:\/\/eskigazeteci.com\/index.php?rest_route=\/wp\/v2\/posts\/30849","targetHints":{"allow":["GET"]}}],"collection":[{"href":"https:\/\/eskigazeteci.com\/index.php?rest_route=\/wp\/v2\/posts"}],"about":[{"href":"https:\/\/eskigazeteci.com\/index.php?rest_route=\/wp\/v2\/types\/post"}],"author":[{"embeddable":true,"href":"https:\/\/eskigazeteci.com\/index.php?rest_route=\/wp\/v2\/users\/2"}],"replies":[{"embeddable":true,"href":"https:\/\/eskigazeteci.com\/index.php?rest_route=%2Fwp%2Fv2%2Fcomments&post=30849"}],"version-history":[{"count":0,"href":"https:\/\/eskigazeteci.com\/index.php?rest_route=\/wp\/v2\/posts\/30849\/revisions"}],"wp:featuredmedia":[{"embeddable":true,"href":"https:\/\/eskigazeteci.com\/index.php?rest_route=\/wp\/v2\/media\/30848"}],"wp:attachment":[{"href":"https:\/\/eskigazeteci.com\/index.php?rest_route=%2Fwp%2Fv2%2Fmedia&parent=30849"}],"wp:term":[{"taxonomy":"category","embeddable":true,"href":"https:\/\/eskigazeteci.com\/index.php?rest_route=%2Fwp%2Fv2%2Fcategories&post=30849"},{"taxonomy":"post_tag","embeddable":true,"href":"https:\/\/eskigazeteci.com\/index.php?rest_route=%2Fwp%2Fv2%2Ftags&post=30849"}],"curies":[{"name":"wp","href":"https:\/\/api.w.org\/{rel}","templated":true}]}}