{"id":30847,"date":"2026-04-30T09:07:55","date_gmt":"2026-04-30T09:07:55","guid":{"rendered":"https:\/\/eskigazeteci.com\/?p=30847"},"modified":"2026-04-30T09:07:55","modified_gmt":"2026-04-30T09:07:55","slug":"gulistan-doku-sorusturmasinda-yeni-asamaya-gecildi-jasat-sahada-gorev-aliyor","status":"publish","type":"post","link":"https:\/\/eskigazeteci.com\/?p=30847","title":{"rendered":"G\u00fclistan Doku soru\u015fturmas\u0131nda yeni a\u015famaya ge\u00e7ildi: JASAT sahada g\u00f6rev al\u0131yor"},"content":{"rendered":"<p>\u0130\u00e7i\u015fleri Bakanl\u0131\u011f\u0131ndan edinilen bilgiye g\u00f6re, JASAT, g\u00f6rev ald\u0131\u011f\u0131 b\u00f6lgelerde 1 Ocak-28 Nisan&#x27;da meydana gelen 88 kasten \u00f6ld\u00fcrme olay\u0131n\u0131n tamam\u0131n\u0131 ayd\u0131nlatt\u0131.JASAT, y\u0131l ba\u015f\u0131ndan bu yana m\u00fcdahale etti\u011fi cinayet dosyalar\u0131n\u0131n \u00e7\u00f6z\u00fcm\u00fcnde y\u00fczde 100 ba\u015far\u0131 sa\u011flad\u0131.<\/p>\n<p>Timler, kuruldu\u011fu 2017&#x27;den 28 Nisan 2026&#x27;ya kadar ge\u00e7en s\u00fcrede ise g\u00f6rev ald\u0131\u011f\u0131 b\u00f6lgelerde 2 bin 594 kasten \u00f6ld\u00fcrme olay\u0131ndan 2 bin 559&#x27;unu \u00e7\u00f6z\u00fcme kavu\u015fturdu.<\/p>\n<p>JASAT ekipleri, s\u00f6z konusu d\u00f6nemdeki kasten \u00f6ld\u00fcrme olaylar\u0131n\u0131 ayd\u0131nlatmada y\u00fczde 98,65 oran\u0131na ula\u015ft\u0131.<\/p>\n<p>OLAYLARIN \u00c7\u00d6Z\u00dcM\u00dcNDE B\u00dcT\u00dcNC\u00dcL YAKLA\u015eIM<\/p>\n<p>Jandarma Genel Komutanl\u0131\u011f\u0131 b\u00fcnyesinde su\u00e7 ve su\u00e7lularla m\u00fccadelede daha etkin, h\u0131zl\u0131 ve sonu\u00e7 odakl\u0131 bir yap\u0131 olu\u015fturmak amac\u0131yla te\u015fkil edilen JASAT, faili me\u00e7hul dosyalar\u0131 yeni nesil teknolojik imkanlarla inceliyor.<\/p>\n<p>Zamanla g\u00f6rev sahas\u0131n\u0131 geni\u015fleten timler, kasten \u00f6ld\u00fcrme, ya\u011fma, nitelikli doland\u0131r\u0131c\u0131l\u0131k, cinsel su\u00e7lar ile h\u0131rs\u0131zl\u0131k olaylar\u0131 gibi a\u011f\u0131r ve nitelikli su\u00e7lara y\u00f6nelik \u00e7al\u0131\u015fmalar y\u00fcr\u00fct\u00fcyor.<\/p>\n<p>Klasik soru\u015fturma y\u00f6ntemlerinin \u00f6tesine ge\u00e7en JASAT, olaylar\u0131n ayd\u0131nlat\u0131lmas\u0131nda kriminal analiz, dijital veri inceleme, saha ara\u015ft\u0131rmas\u0131 ve tan\u0131k beyanlar\u0131n\u0131n yeniden de\u011ferlendirilmesi y\u00f6ntemlerini bir arada&#8230;<\/p>\n","protected":false},"excerpt":{"rendered":"<p>Diyarbak\u0131r&#8217;da 14 y\u0131l \u00f6nce \u00f6ld\u00fcr\u00fclen 15 ya\u015f\u0131ndaki Sevgi Sevil&#8217;in cinayet zanl\u0131lar\u0131n\u0131 bulan Jandarma Genel Komutanl\u0131\u011f\u0131 b\u00fcnyesindeki Jandarma Su\u00e7 Ara\u015ft\u0131rma Timi&#8230;<\/p>\n","protected":false},"author":2,"featured_media":30846,"comment_status":"open","ping_status":"open","sticky":false,"template":"","format":"standard","meta":{"footnotes":""},"categories":[6,5],"tags":[],"class_list":["post-30847","post","type-post","status-publish","format-standard","has-post-thumbnail","hentry","category-gundem","category-son-dakika"],"_links":{"self":[{"href":"https:\/\/eskigazeteci.com\/index.php?rest_route=\/wp\/v2\/posts\/30847","targetHints":{"allow":["GET"]}}],"collection":[{"href":"https:\/\/eskigazeteci.com\/index.php?rest_route=\/wp\/v2\/posts"}],"about":[{"href":"https:\/\/eskigazeteci.com\/index.php?rest_route=\/wp\/v2\/types\/post"}],"author":[{"embeddable":true,"href":"https:\/\/eskigazeteci.com\/index.php?rest_route=\/wp\/v2\/users\/2"}],"replies":[{"embeddable":true,"href":"https:\/\/eskigazeteci.com\/index.php?rest_route=%2Fwp%2Fv2%2Fcomments&post=30847"}],"version-history":[{"count":0,"href":"https:\/\/eskigazeteci.com\/index.php?rest_route=\/wp\/v2\/posts\/30847\/revisions"}],"wp:featuredmedia":[{"embeddable":true,"href":"https:\/\/eskigazeteci.com\/index.php?rest_route=\/wp\/v2\/media\/30846"}],"wp:attachment":[{"href":"https:\/\/eskigazeteci.com\/index.php?rest_route=%2Fwp%2Fv2%2Fmedia&parent=30847"}],"wp:term":[{"taxonomy":"category","embeddable":true,"href":"https:\/\/eskigazeteci.com\/index.php?rest_route=%2Fwp%2Fv2%2Fcategories&post=30847"},{"taxonomy":"post_tag","embeddable":true,"href":"https:\/\/eskigazeteci.com\/index.php?rest_route=%2Fwp%2Fv2%2Ftags&post=30847"}],"curies":[{"name":"wp","href":"https:\/\/api.w.org\/{rel}","templated":true}]}}