{"id":30843,"date":"2026-04-30T09:04:50","date_gmt":"2026-04-30T09:04:50","guid":{"rendered":"https:\/\/eskigazeteci.com\/?p=30843"},"modified":"2026-04-30T09:04:50","modified_gmt":"2026-04-30T09:04:50","slug":"alanyaspor-ve-karagumrukten-premier-lig-devine-yonetim-toplandi","status":"publish","type":"post","link":"https:\/\/eskigazeteci.com\/?p=30843","title":{"rendered":"Alanyaspor ve Karag\u00fcmr\u00fck&#8217;ten Premier Lig devine! Y\u00f6netim topland\u0131"},"content":{"rendered":"<p>S\u00fcper Lig&#x27;de Alanyaspor ve Fatih Karag\u00fcmr\u00fck &#x27;\u00fc \u00e7al\u0131\u015ft\u0131ran \u0130talyan teknik direkt\u00f6r Francesco Farioli i\u00e7in \u0130ngiliz bas\u0131n\u0131nda \u00f6nemli bir habere yer verildi.<\/p>\n<p>Son Alanyaspor maceras\u0131n\u0131n ard\u0131ndan Fransa&#x27;n\u0131n Nice tak\u0131m\u0131n\u0131 \u00e7al\u0131\u015ft\u0131ran, ard\u0131ndan Hollanda devi Ajax&#x27;\u0131n teknik direkt\u00f6rl\u00fc\u011f\u00fcn\u00fc \u00fcstlenen Farioli, bu kez d\u00fcnyan\u0131n zirve tak\u0131mlar\u0131ndan birinin ba\u015f\u0131na ge\u00e7meye aday konuma bulunuyor.<\/p>\n<p>NICE&#x27;\u0130 AVRUPA&#x27;YA G\u00d6T\u00dcRM\u00dc\u015eT\u00dc<\/p>\n<p>Farioli, 2023-24 sezonunda Frans\u0131z ekibi Nice&#x27;in ba\u015f\u0131ndayd\u0131. Ligde 15 galibiyet, 10 beraberlik ve 9 ma\u011flubiyet ya\u015fayan \u0130talyan teknik adam, Fransa Lig 1&#x27;i 5. s\u0131rada tamamlam\u0131\u015f ve tak\u0131m\u0131n\u0131 UEFA Avrupa Ligi&#x27;ne yazd\u0131rm\u0131\u015ft\u0131.<\/p>\n<p>Ard\u0131ndan Ajax, Farioli&#x27;yi tak\u0131m\u0131n ba\u015f\u0131na getirmi\u015f ve Hollanda ekibi, hem Avrupa&#x27;da hem de ligde iyi bir ba\u015flang\u0131\u00e7 yapm\u0131\u015ft\u0131.<\/p>\n<p>Ajax ba\u015f\u0131nda, ligin bitimine son 5 hafta kalan PSV&#x27;ye 9 puan fark atan Farioli, \u015fampiyonluk \u015fark\u0131lar\u0131 s\u00f6ylemeye ba\u015flam\u0131\u015ft\u0131. Ancak bu ger\u00e7ekle\u015fmedi. Farioli, son 5 ma\u00e7ta sadece 1 galibiyet alabildi ve \u015fampiyonluk yolunda h\u00fcsrana u\u011frad\u0131.<\/p>\n<p>PSV, son haftalarda formunu y\u00fckseltti ve ligi Ajax&#x27;\u0131n 1 puan \u00f6n\u00fcnde \u015fampiyon tamamlad\u0131. Ya\u015fanan bu geli\u015fmelerin ard\u0131ndan Farioli, g\u00f6revi b\u0131rakt\u0131\u011f\u0131n\u0131 Ajax y\u00f6netimine bildirdi.<\/p>\n<p>PORTO \u0130LE \u015eAMP\u0130YONLU\u011eA \u00c7OK&#8230;<\/p>\n","protected":false},"excerpt":{"rendered":"<p>Bir d\u00f6nem \u00fclkemizde Alanyaspor ve Karag\u00fcmr\u00fck&#8217;\u00fc \u00e7al\u0131\u015ftran Francesco Farioli, \u0130ngiltere Premier Lig devinin y\u00f6netimi taraf\u0131ndan &#8216;aday hoca&#8217; listesine yaz\u0131ld\u0131&#8230;<\/p>\n","protected":false},"author":2,"featured_media":30842,"comment_status":"open","ping_status":"open","sticky":false,"template":"","format":"standard","meta":{"footnotes":""},"categories":[5,7],"tags":[],"class_list":["post-30843","post","type-post","status-publish","format-standard","has-post-thumbnail","hentry","category-son-dakika","category-spor"],"_links":{"self":[{"href":"https:\/\/eskigazeteci.com\/index.php?rest_route=\/wp\/v2\/posts\/30843","targetHints":{"allow":["GET"]}}],"collection":[{"href":"https:\/\/eskigazeteci.com\/index.php?rest_route=\/wp\/v2\/posts"}],"about":[{"href":"https:\/\/eskigazeteci.com\/index.php?rest_route=\/wp\/v2\/types\/post"}],"author":[{"embeddable":true,"href":"https:\/\/eskigazeteci.com\/index.php?rest_route=\/wp\/v2\/users\/2"}],"replies":[{"embeddable":true,"href":"https:\/\/eskigazeteci.com\/index.php?rest_route=%2Fwp%2Fv2%2Fcomments&post=30843"}],"version-history":[{"count":0,"href":"https:\/\/eskigazeteci.com\/index.php?rest_route=\/wp\/v2\/posts\/30843\/revisions"}],"wp:featuredmedia":[{"embeddable":true,"href":"https:\/\/eskigazeteci.com\/index.php?rest_route=\/wp\/v2\/media\/30842"}],"wp:attachment":[{"href":"https:\/\/eskigazeteci.com\/index.php?rest_route=%2Fwp%2Fv2%2Fmedia&parent=30843"}],"wp:term":[{"taxonomy":"category","embeddable":true,"href":"https:\/\/eskigazeteci.com\/index.php?rest_route=%2Fwp%2Fv2%2Fcategories&post=30843"},{"taxonomy":"post_tag","embeddable":true,"href":"https:\/\/eskigazeteci.com\/index.php?rest_route=%2Fwp%2Fv2%2Ftags&post=30843"}],"curies":[{"name":"wp","href":"https:\/\/api.w.org\/{rel}","templated":true}]}}