{"id":30838,"date":"2026-04-30T08:56:23","date_gmt":"2026-04-30T08:56:23","guid":{"rendered":"https:\/\/eskigazeteci.com\/?p=30838"},"modified":"2026-04-30T08:56:23","modified_gmt":"2026-04-30T08:56:23","slug":"ak-partili-mehmet-muharrem-kasapoglu-kamu-yonetimi-ogrencileriyle-bulustu","status":"publish","type":"post","link":"https:\/\/eskigazeteci.com\/?p=30838","title":{"rendered":"AK Partili Mehmet Muharrem Kasapo\u011flu Kamu Y\u00f6netimi \u00f6\u011frencileriyle bulu\u015ftu"},"content":{"rendered":"<p>Gelece\u011fin kamu y\u00f6neticilerine seslenen Kasapo\u011flu, kamu y\u00f6netiminde zihniyet devriminin \u00f6nemine dikkat \u00e7ekerek haf\u0131zalardan silinmeyecek bir mesaj verdi. Kasapo\u011flu mesaj\u0131nda \u201cYar\u0131n \u00f6b\u00fcr g\u00fcn makam odalar\u0131n\u0131za ge\u00e7ti\u011finizde, oturdu\u011funuz o koltuklar\u0131n, kulland\u0131\u011f\u0131n\u0131z b\u00fct\u00e7elerin, att\u0131\u011f\u0131n\u0131z imzalar\u0131n as\u0131l sahibinin millet oldu\u011funu bir an bile akl\u0131n\u0131zdan \u00e7\u0131karmay\u0131n.\u201d dedi.<\/p>\n<p>\u201cVESAYET ODAKLARI M\u0130LLET\u0130N \u0130RADES\u0130N\u0130 H\u0130\u00c7E SAYARDI\u201d\ufffd<\/p>\n<p>Konu\u015fmas\u0131nda T\u00fcrkiye\u2019nin y\u00f6netim tarihindeki d\u00f6n\u00fc\u015f\u00fcm\u00fc analiz eden Kasapo\u011flu, gen\u00e7lere tarihin ve sosyolojinin rehberli\u011finde hareket etmelerini tavsiye etti. Kasapo\u011flu, \u201cKonular\u0131n derinli\u011fini bilmek istiyorsan\u0131z, T\u00fcrkiye\u2019nin bug\u00fcn\u00fcn\u00fc ve istikametini do\u011fru bir \u015fekilde anlamak istiyorsan\u0131z uzak ve yak\u0131n tarihimizi \u00e7ok iyi bilmeli, do\u011fru sosyolojik okumalar yapmal\u0131s\u0131n\u0131z\u201d dedi.<\/p>\n<p>Eski T\u00fcrkiye\u2019nin karanl\u0131k tablolar\u0131n\u0131 hat\u0131rlatan Kasapo\u011flu, \u015fu ifadeleri kulland\u0131:<\/p>\n<p>\u201c24 y\u0131l \u00f6nce, devleti milletin \u00fcst\u00fcnde g\u00f6ren, milleti s\u00fcrekli hizaya sokulmas\u0131, terbiye edilmesi gereken bir kalabal\u0131k olarak de\u011ferlendiren \u00e7ok kibirli bir vesayet anlay\u0131\u015f\u0131 vard\u0131. Kapal\u0131 kap\u0131lar ard\u0131nda, karanl\u0131k dehlizlerde \u00fclkenin rotas\u0131n\u0131 \u00e7izmeye \u00e7al\u0131\u015fan odaklar, milletin sand\u0131ktaki iradesini hi\u00e7e sayard\u0131&#8230;.<\/p>\n","protected":false},"excerpt":{"rendered":"<p>\u00d6nceki D\u00f6nem Gen\u00e7lik ve Spor Bakan\u0131 ve AK Parti \u0130zmir Milletvekili Dr. Mehmet Muharrem Kasapo\u011flu, Manisa Celal Bayar \u00dcniversitesi \u0130ktisadi ve \u0130dari Bilimler&#8230;<\/p>\n","protected":false},"author":2,"featured_media":30837,"comment_status":"open","ping_status":"open","sticky":false,"template":"","format":"standard","meta":{"footnotes":""},"categories":[6,5],"tags":[],"class_list":["post-30838","post","type-post","status-publish","format-standard","has-post-thumbnail","hentry","category-gundem","category-son-dakika"],"_links":{"self":[{"href":"https:\/\/eskigazeteci.com\/index.php?rest_route=\/wp\/v2\/posts\/30838","targetHints":{"allow":["GET"]}}],"collection":[{"href":"https:\/\/eskigazeteci.com\/index.php?rest_route=\/wp\/v2\/posts"}],"about":[{"href":"https:\/\/eskigazeteci.com\/index.php?rest_route=\/wp\/v2\/types\/post"}],"author":[{"embeddable":true,"href":"https:\/\/eskigazeteci.com\/index.php?rest_route=\/wp\/v2\/users\/2"}],"replies":[{"embeddable":true,"href":"https:\/\/eskigazeteci.com\/index.php?rest_route=%2Fwp%2Fv2%2Fcomments&post=30838"}],"version-history":[{"count":0,"href":"https:\/\/eskigazeteci.com\/index.php?rest_route=\/wp\/v2\/posts\/30838\/revisions"}],"wp:featuredmedia":[{"embeddable":true,"href":"https:\/\/eskigazeteci.com\/index.php?rest_route=\/wp\/v2\/media\/30837"}],"wp:attachment":[{"href":"https:\/\/eskigazeteci.com\/index.php?rest_route=%2Fwp%2Fv2%2Fmedia&parent=30838"}],"wp:term":[{"taxonomy":"category","embeddable":true,"href":"https:\/\/eskigazeteci.com\/index.php?rest_route=%2Fwp%2Fv2%2Fcategories&post=30838"},{"taxonomy":"post_tag","embeddable":true,"href":"https:\/\/eskigazeteci.com\/index.php?rest_route=%2Fwp%2Fv2%2Ftags&post=30838"}],"curies":[{"name":"wp","href":"https:\/\/api.w.org\/{rel}","templated":true}]}}