{"id":30836,"date":"2026-04-30T08:54:51","date_gmt":"2026-04-30T08:54:51","guid":{"rendered":"https:\/\/eskigazeteci.com\/?p=30836"},"modified":"2026-04-30T08:54:51","modified_gmt":"2026-04-30T08:54:51","slug":"sosyal-medyada-tanisip-evine-davet-ettigi-kadin-tuzak-kurdu-once-darbettiler-sonra-gasbettiler-3-supheli-tutuklandi","status":"publish","type":"post","link":"https:\/\/eskigazeteci.com\/?p=30836","title":{"rendered":"Sosyal medyada tan\u0131\u015f\u0131p evine davet etti\u011fi kad\u0131n tuzak kurdu! \u00d6nce darbettiler sonra gasbettiler: 3 \u015f\u00fcpheli tutukland\u0131"},"content":{"rendered":"<p>Olay, 21 Nisan Sal\u0131 g\u00fcn\u00fc saat 04.00 s\u0131ralar\u0131nda Yeni\u015fehir Mahallesi\u2019nde meydana geldi. Edinilen bilgiye g\u00f6re Ali \u00c7., sosyal medyada tan\u0131\u015ft\u0131\u011f\u0131 Meltem G.\u2019yi evine davet etti. \u0130kili birlikteyken, Meltem G. eve e\u015fi Ali G. ile S.T.&#x27;yi \u00e7a\u011f\u0131rd\u0131. Eve giren 2 ki\u015fi, Ali \u00c7.\u2019yi darbederek 20 bin lirayla, 2 cep telefonu ve ki\u015fisel e\u015fyalar\u0131n\u0131 ald\u0131. \u015e\u00fcpheliler daha sonra Meltem G. ile birlikte evden ayr\u0131ld\u0131. Olay\u0131n ard\u0131ndan Ali \u00c7. polise giderek tan\u0131mad\u0131\u011f\u0131 bir kad\u0131n taraf\u0131ndan gasbedildi\u011fini s\u00f6yleyip \u015fikayet\u00e7i oldu.<\/p>\n<p>POL\u0130S GER\u00c7E\u011e\u0130 ORTAYA \u00c7IKARDI<\/p>\n<p>Beyo\u011flu Asayi\u015f B\u00fcro Amirli\u011fi ekipleri ma\u011fdurun \u015fikayeti \u00fczerine \u00e7al\u0131\u015fma ba\u015flatt\u0131. \u00c7evredeki g\u00fcvenlik kameralar\u0131 incelemeye al\u0131nd\u0131. \u00c7al\u0131\u015fmalarda \u015f\u00fcphelilerin olay yerine hafif ticari ara\u00e7la geldikleri tespit edildi. Ekipler arac\u0131n plakas\u0131n\u0131 belirleyerek s\u00fcr\u00fcc\u00fcs\u00fcne ula\u015ft\u0131. S\u00fcr\u00fcc\u00fcyle yap\u0131lan g\u00f6r\u00fc\u015fmede, korsan taksi olarak \u00e7al\u0131\u015ft\u0131\u011f\u0131 ve ara\u00e7la ald\u0131\u011f\u0131 3 ki\u015fiyi otele b\u0131rakt\u0131\u011f\u0131 belirlendi. Bunun \u00fczerine polis ekipleri s\u00f6z konusu otele operasyon d\u00fczenledi.<\/p>\n<p>\u015e\u00dcPHEL\u0130LER OTELDE YAKALANDI<\/p>\n<p>Operasyonda Meltem G., e\u015fi Ali G. ve S.T. g\u00f6zalt\u0131na al\u0131nd\u0131. \u015e\u00fcphelilerin kald\u0131klar\u0131 odalarda yap\u0131lan aramalarda Ali \u00c7.\u2019ye ait oldu\u011fu de\u011ferlendirilen 13 bin 910 lira nakit para, 2&#8230;<\/p>\n","protected":false},"excerpt":{"rendered":"<p>\u0130stanbul Beyo\u011flu\u2019nda Ali \u00c7. (24), vakit ge\u00e7irmek i\u00e7in sosyal medyada tan\u0131\u015ft\u0131\u011f\u0131 Meltem G.\u2019yi (27) evine \u00e7a\u011f\u0131rd\u0131. Kad\u0131n dairedeyken, plan yapt\u0131\u011f\u0131 e\u015fi Ali G&#8230;.<\/p>\n","protected":false},"author":2,"featured_media":30835,"comment_status":"open","ping_status":"open","sticky":false,"template":"","format":"standard","meta":{"footnotes":""},"categories":[6,5],"tags":[],"class_list":["post-30836","post","type-post","status-publish","format-standard","has-post-thumbnail","hentry","category-gundem","category-son-dakika"],"_links":{"self":[{"href":"https:\/\/eskigazeteci.com\/index.php?rest_route=\/wp\/v2\/posts\/30836","targetHints":{"allow":["GET"]}}],"collection":[{"href":"https:\/\/eskigazeteci.com\/index.php?rest_route=\/wp\/v2\/posts"}],"about":[{"href":"https:\/\/eskigazeteci.com\/index.php?rest_route=\/wp\/v2\/types\/post"}],"author":[{"embeddable":true,"href":"https:\/\/eskigazeteci.com\/index.php?rest_route=\/wp\/v2\/users\/2"}],"replies":[{"embeddable":true,"href":"https:\/\/eskigazeteci.com\/index.php?rest_route=%2Fwp%2Fv2%2Fcomments&post=30836"}],"version-history":[{"count":0,"href":"https:\/\/eskigazeteci.com\/index.php?rest_route=\/wp\/v2\/posts\/30836\/revisions"}],"wp:featuredmedia":[{"embeddable":true,"href":"https:\/\/eskigazeteci.com\/index.php?rest_route=\/wp\/v2\/media\/30835"}],"wp:attachment":[{"href":"https:\/\/eskigazeteci.com\/index.php?rest_route=%2Fwp%2Fv2%2Fmedia&parent=30836"}],"wp:term":[{"taxonomy":"category","embeddable":true,"href":"https:\/\/eskigazeteci.com\/index.php?rest_route=%2Fwp%2Fv2%2Fcategories&post=30836"},{"taxonomy":"post_tag","embeddable":true,"href":"https:\/\/eskigazeteci.com\/index.php?rest_route=%2Fwp%2Fv2%2Ftags&post=30836"}],"curies":[{"name":"wp","href":"https:\/\/api.w.org\/{rel}","templated":true}]}}