{"id":30832,"date":"2026-04-30T08:46:29","date_gmt":"2026-04-30T08:46:29","guid":{"rendered":"https:\/\/eskigazeteci.com\/?p=30832"},"modified":"2026-04-30T08:46:29","modified_gmt":"2026-04-30T08:46:29","slug":"kral-charlesin-somurge-sakasina-macrondan-destek-sik-olurdu","status":"publish","type":"post","link":"https:\/\/eskigazeteci.com\/?p=30832","title":{"rendered":"Kral Charles&#8217;\u0131n s\u00f6m\u00fcrge \u015fakas\u0131na Macron&#8217;dan destek: \u015e\u0131k olurdu"},"content":{"rendered":"<p>Fransa Cumhurba\u015fkan\u0131 Emmanuel Macron, ABD merkezli X \u015firketinin sosyal medya platformundan, Kral 3. Charles&#x27;\u0131n ABD&#x27;yi ziyareti s\u0131ras\u0131nda Kongreye hitab\u0131nda yapt\u0131\u011f\u0131 konu\u015fmadan bir kesit payla\u015ft\u0131.<\/p>\n<p>Kral 3. Charles&#x27;\u0131n ABD Ba\u015fkan\u0131 Donald Trump&#x27;a &quot;Biz olmasayd\u0131k, siz de (ABD) Frans\u0131zca konu\u015fuyor olurdunuz diyebilir miyim?&quot; dedi\u011fi anlara ait g\u00f6r\u00fcnt\u00fcye yapt\u0131\u011f\u0131 yorumda Macron, &quot;Bu \u015f\u0131k olurdu!&quot; ifadelerini kulland\u0131.<\/p>\n<p>KRAL 3. CHARLES\u2019IN K\u0130NAYEL\u0130 \u0130FADELER\u0130<\/p>\n<p>Kral 3. Charles&#x27;\u0131n ABD&#x27;yi ziyareti s\u0131ras\u0131nda 29 Nisan&#x27;da Kongreye hitab\u0131nda ve onuruna verilen yemekte yapt\u0131\u011f\u0131 konu\u015fmada zaman zaman kinayeli ifadeler kullanmas\u0131 dikkati \u00e7ekmi\u015fti.<\/p>\n<p>Charles, Kongredeki konu\u015fmas\u0131nda \u0130rlandal\u0131 yazar Oscar Wilde&#x27;a at\u0131fta bulunarak ABD ile her \u015feylerinin ortak oldu\u011funu s\u00f6ylerken, &quot;Dil hari\u00e7.&quot; esprisini yapm\u0131\u015ft\u0131.<\/p>\n<p>Onuruna verilen yemekte de Trump &#x27;\u0131n \u0130kinci D\u00fcnya Sava\u015f\u0131&#x27;n\u0131 an\u0131msatarak ABD olmasayd\u0131 Avrupa \u00fclkelerinin Almanca konu\u015faca\u011f\u0131na y\u00f6nelik s\u00f6zlerine de\u011finen Charles, &quot;Biz olmasayd\u0131k, siz de (ABD) Frans\u0131zca konu\u015fuyor olurdunuz diyebilir miyim?&quot; ifadesini kullanm\u0131\u015ft\u0131.<\/p>\n<p>Yurtd\u0131\u015f\u0131nda ya\u015fanan en son olaylar, d\u00fcnya g\u00fcndemine oturan d\u0131\u015f haberler, son dakika d\u00fcnya haberleri, di\u011fer d\u00fcnya \u00fclkelerinden g\u00fcncel haberler&#8230;<\/p>\n","protected":false},"excerpt":{"rendered":"<p>Fransa Cumhurba\u015fkan\u0131 Emmanuel Macron, Kral 3. Charles&#8217;\u0131n \u0130ngiltere olmasayd\u0131 ABD&#8217;nin Frans\u0131zca konu\u015fuyor olaca\u011f\u0131\u201d ifadelerine ili\u015fkin olarak Bu \u015f\u0131k olurdu&#8230;.<\/p>\n","protected":false},"author":2,"featured_media":30831,"comment_status":"open","ping_status":"open","sticky":false,"template":"","format":"standard","meta":{"footnotes":""},"categories":[6,5],"tags":[],"class_list":["post-30832","post","type-post","status-publish","format-standard","has-post-thumbnail","hentry","category-gundem","category-son-dakika"],"_links":{"self":[{"href":"https:\/\/eskigazeteci.com\/index.php?rest_route=\/wp\/v2\/posts\/30832","targetHints":{"allow":["GET"]}}],"collection":[{"href":"https:\/\/eskigazeteci.com\/index.php?rest_route=\/wp\/v2\/posts"}],"about":[{"href":"https:\/\/eskigazeteci.com\/index.php?rest_route=\/wp\/v2\/types\/post"}],"author":[{"embeddable":true,"href":"https:\/\/eskigazeteci.com\/index.php?rest_route=\/wp\/v2\/users\/2"}],"replies":[{"embeddable":true,"href":"https:\/\/eskigazeteci.com\/index.php?rest_route=%2Fwp%2Fv2%2Fcomments&post=30832"}],"version-history":[{"count":0,"href":"https:\/\/eskigazeteci.com\/index.php?rest_route=\/wp\/v2\/posts\/30832\/revisions"}],"wp:featuredmedia":[{"embeddable":true,"href":"https:\/\/eskigazeteci.com\/index.php?rest_route=\/wp\/v2\/media\/30831"}],"wp:attachment":[{"href":"https:\/\/eskigazeteci.com\/index.php?rest_route=%2Fwp%2Fv2%2Fmedia&parent=30832"}],"wp:term":[{"taxonomy":"category","embeddable":true,"href":"https:\/\/eskigazeteci.com\/index.php?rest_route=%2Fwp%2Fv2%2Fcategories&post=30832"},{"taxonomy":"post_tag","embeddable":true,"href":"https:\/\/eskigazeteci.com\/index.php?rest_route=%2Fwp%2Fv2%2Ftags&post=30832"}],"curies":[{"name":"wp","href":"https:\/\/api.w.org\/{rel}","templated":true}]}}