{"id":30824,"date":"2026-04-30T08:34:50","date_gmt":"2026-04-30T08:34:50","guid":{"rendered":"https:\/\/eskigazeteci.com\/?p=30824"},"modified":"2026-04-30T08:34:50","modified_gmt":"2026-04-30T08:34:50","slug":"ales-2026-sinav-yeri-sorgulama-ekrani","status":"publish","type":"post","link":"https:\/\/eskigazeteci.com\/?p=30824","title":{"rendered":"ALES 2026 SINAV YER\u0130 SORGULAMA EKRANI"},"content":{"rendered":"<p>ALES s\u0131nav giri\u015f belgesi indirme ekran\u0131, oturum tarihi yakla\u015f\u0131rken adaylar taraf\u0131ndan kontrol ediliyor. S\u0131navda adaylara say\u0131sal ve s\u00f6zel testler uygulanacak. Say\u0131sal Test ve S\u00f6zel Test, 50&#x27;\u015fer sorudan olu\u015facak. Sorular, belirli y\u00fcksek\u00f6\u011fretim programlar\u0131nda kazan\u0131lan yeterlikleri ve bilgileri \u00f6l\u00e7meye y\u00f6nelik olmayacak, farkl\u0131 alanlardan gelen y\u00fcksek\u00f6\u011fretim kurumu mezunlar\u0131n\u0131n cevaplayabilecekleri nitelikte olacak. Peki ALES s\u0131nav yerleri nas\u0131l, nereden \u00f6\u011frenilir? ALES s\u0131nav giri\u015f belgesi nas\u0131l al\u0131n\u0131r? \u0130\u015fte, ayr\u0131nt\u0131lar&#8230;<\/p>\n<p>ALES\/1 s\u0131nav\u0131 i\u00e7in ba\u015fvurular\u0131n\u0131 yapan adaylar adaylar\u0131n, s\u0131nava girecekleri bina\/salonlara atanma i\u015flemleri tamamland\u0131. Adaylar, s\u0131nava girecekleri yer bilgisini g\u00f6steren S\u0131nava Giri\u015f Belgesi\u2019ni, 30 Nisan 2026 tarihinde saat 11.00&#x27;den itibaren \u00d6SYM&#x27;nin https:\/\/ais.osym.gov.tradresinden T.C. kimlik numaralar\u0131 ve aday \u015fifreleriyle edinebilecek.<\/p>\n<p>ALES\/1 s\u0131nav\u0131 i\u00e7in ba\u015fvurular\u0131n\u0131 yapan adaylar adaylar\u0131n, s\u0131nava girecekleri bina\/salonlara atanma i\u015flemleri tamamland\u0131.<\/p>\n<p>Adaylar, s\u0131nava girecekleri yer bilgisini g\u00f6steren S\u0131nava Giri\u015f Belgesi\u2019ni, 30 Nisan 2026 tarihinde saat 11.00&#x27;den itibaren \u00d6SYM&#x27;nin https:\/\/ais.osym.gov.tradresinden T.C. kimlik numaralar\u0131 ve aday&#8230;<\/p>\n","protected":false},"excerpt":{"rendered":"<p>ALES\/1 s\u0131nav giri\u015f belgeleri, 2026 y\u0131l\u0131 ilk oturuma kat\u0131lacak adaylar taraf\u0131ndan mercek alt\u0131na al\u0131nd\u0131. Akademik kariyer hedefleyen adaylar\u0131n kat\u0131l\u0131m&#8230;<\/p>\n","protected":false},"author":2,"featured_media":30823,"comment_status":"open","ping_status":"open","sticky":false,"template":"","format":"standard","meta":{"footnotes":""},"categories":[6,5],"tags":[],"class_list":["post-30824","post","type-post","status-publish","format-standard","has-post-thumbnail","hentry","category-gundem","category-son-dakika"],"_links":{"self":[{"href":"https:\/\/eskigazeteci.com\/index.php?rest_route=\/wp\/v2\/posts\/30824","targetHints":{"allow":["GET"]}}],"collection":[{"href":"https:\/\/eskigazeteci.com\/index.php?rest_route=\/wp\/v2\/posts"}],"about":[{"href":"https:\/\/eskigazeteci.com\/index.php?rest_route=\/wp\/v2\/types\/post"}],"author":[{"embeddable":true,"href":"https:\/\/eskigazeteci.com\/index.php?rest_route=\/wp\/v2\/users\/2"}],"replies":[{"embeddable":true,"href":"https:\/\/eskigazeteci.com\/index.php?rest_route=%2Fwp%2Fv2%2Fcomments&post=30824"}],"version-history":[{"count":0,"href":"https:\/\/eskigazeteci.com\/index.php?rest_route=\/wp\/v2\/posts\/30824\/revisions"}],"wp:featuredmedia":[{"embeddable":true,"href":"https:\/\/eskigazeteci.com\/index.php?rest_route=\/wp\/v2\/media\/30823"}],"wp:attachment":[{"href":"https:\/\/eskigazeteci.com\/index.php?rest_route=%2Fwp%2Fv2%2Fmedia&parent=30824"}],"wp:term":[{"taxonomy":"category","embeddable":true,"href":"https:\/\/eskigazeteci.com\/index.php?rest_route=%2Fwp%2Fv2%2Fcategories&post=30824"},{"taxonomy":"post_tag","embeddable":true,"href":"https:\/\/eskigazeteci.com\/index.php?rest_route=%2Fwp%2Fv2%2Ftags&post=30824"}],"curies":[{"name":"wp","href":"https:\/\/api.w.org\/{rel}","templated":true}]}}